{"id":8521,"date":"2026-09-04T13:15:00","date_gmt":"2026-09-04T16:15:00","guid":{"rendered":"https:\/\/diariodocomercio.com.br\/geral\/?p=8521"},"modified":"2026-09-04T12:39:21","modified_gmt":"2026-09-04T15:39:21","slug":"falta-de-agua-regiao-oesta-bh-copasa","status":"publish","type":"post","link":"https:\/\/diariodocomercio.com.br\/geral\/falta-de-agua-regiao-oesta-bh-copasa\/","title":{"rendered":"Mais de 45 mil consumidores devem ficar sem \u00e1gua na Regi\u00e3o Oeste de BH nesta sexta (4)"},"content":{"rendered":"\n<p class=\"wp-block-paragraph\">A Regi\u00e3o Oeste de Belo Horizonte ter\u00e1 interrup\u00e7\u00e3o tempor\u00e1ria no abastecimento nesta sexta-feira (4) para obras emergenciais da <a href=\"https:\/\/www.copasa.com.br\/wps\/portal\/internet\/\" target=\"_blank\" rel=\"noopener\">Copasa<\/a>. A paralisa\u00e7\u00e3o, prevista das 8h \u00e0s 18h, pode causar falta de \u00e1gua ou instabilidade no abastecimento de 43 bairros e atingir at\u00e9 45.298 consumidores.\u00a0<\/p>\n\n\n\n<p class=\"wp-block-paragraph\">Nem todos os im\u00f3veis ser\u00e3o afetados, j\u00e1 que apenas algumas \u00e1reas de cada bairro podem ser impactadas. Resid\u00eancias com caixas-d&#8217;\u00e1gua adequadamente dimensionadas para o consumo di\u00e1rio tamb\u00e9m podem n\u00e3o perceber os efeitos.<\/p>\n\n\n\n<h2 class=\"wp-block-heading\"><strong>Bairros com previs\u00e3o de falta de \u00e1gua<\/strong><\/h2>\n\n\n\n<ul class=\"wp-block-list\">\n<li>Alpes<\/li>\n\n\n\n<li>Alto Barroca<\/li>\n\n\n\n<li>Ambrosina<\/li>\n\n\n\n<li>Apia<\/li>\n\n\n\n<li>Bar\u00e3o Homem de Melo I<\/li>\n\n\n\n<li>Bar\u00e3o Homem de Melo III<\/li>\n\n\n\n<li>Bar\u00e3o Homem de Melo IV<\/li>\n\n\n\n<li>Barroca<\/li>\n\n\n\n<li>Bet\u00e2nia<\/li>\n\n\n\n<li>Calafate<\/li>\n\n\n\n<li>Ch\u00e1cara Leonina<\/li>\n\n\n\n<li>Cinquenten\u00e1rio<\/li>\n\n\n\n<li>Conjunto Bet\u00e2nia<\/li>\n\n\n\n<li>Conjunto Santa Maria<\/li>\n\n\n\n<li>Das Ind\u00fastrias I<\/li>\n\n\n\n<li>Estoril<\/li>\n\n\n\n<li>Estrela do Oriente<\/li>\n\n\n\n<li>Gameleira<\/li>\n\n\n\n<li>Graja\u00fa<\/li>\n\n\n\n<li>Guarata<\/li>\n\n\n\n<li>Gutierrez<\/li>\n\n\n\n<li>Hava\u00ed<\/li>\n\n\n\n<li>Jardim Am\u00e9rica<\/li>\n\n\n\n<li>Leonina<\/li>\n\n\n\n<li>Luxemburgo<\/li>\n\n\n\n<li>Maraj\u00f3<\/li>\n\n\n\n<li>Nossa Senhora da Concei\u00e7\u00e3o<\/li>\n\n\n\n<li>Nova Granada<\/li>\n\n\n\n<li>Nova Su\u00ed\u00e7a<\/li>\n\n\n\n<li>Palmeiras<\/li>\n\n\n\n<li>Pantanal<\/li>\n\n\n\n<li>Prado<\/li>\n\n\n\n<li>Salgado Filho<\/li>\n\n\n\n<li>Santa Sofia<\/li>\n\n\n\n<li>S\u00e3o Bento<\/li>\n\n\n\n<li>S\u00e3o Jorge I<\/li>\n\n\n\n<li>S\u00e3o Jorge II<\/li>\n\n\n\n<li>S\u00e3o Jorge III<\/li>\n\n\n\n<li>Vila Antena<\/li>\n\n\n\n<li>Vila Bandeirantes<\/li>\n\n\n\n<li>Vila S\u00e3o Domingos<\/li>\n\n\n\n<li>Vista Alegre<\/li>\n<\/ul>\n\n\n\n<h2 class=\"wp-block-heading\"><strong>For\u00e7a-tarefa da Copasa segue em opera\u00e7\u00e3o<\/strong><\/h2>\n\n\n\n<p class=\"wp-block-paragraph\">Enquanto realiza as obras, a Copasa mant\u00e9m sua <a href=\"https:\/\/diariodocomercio.com.br\/geral\/falta-de-agua\/\">for\u00e7a-tarefa<\/a> para reduzir os impactos da falta de \u00e1gua na capital, com mais de 20 caminh\u00f5es-pipa em opera\u00e7\u00e3o para atender pontos priorit\u00e1rios, especialmente em bairros como Buritis, Estoril e Nova Su\u00ed\u00e7a.&nbsp;<\/p>\n\n\n\n<p class=\"wp-block-paragraph\">O abastecimento emergencial \u00e9 direcionado principalmente a hospitais, unidades de sa\u00fade, escolas e creches. A expectativa \u00e9 que a interven\u00e7\u00e3o desta sexta seja a resposta definitiva para a resolu\u00e7\u00e3o do problema.<\/p>\n","protected":false},"excerpt":{"rendered":"<p>A Regi\u00e3o Oeste de Belo Horizonte ter\u00e1 interrup\u00e7\u00e3o tempor\u00e1ria no abastecimento nesta sexta-feira (4) para obras emergenciais da Copasa. A paralisa\u00e7\u00e3o, prevista das 8h \u00e0s 18h, pode causar falta de \u00e1gua ou instabilidade no abastecimento de 43 bairros e atingir at\u00e9 45.298 consumidores.\u00a0 Nem todos os im\u00f3veis ser\u00e3o afetados, j\u00e1 que apenas algumas \u00e1reas de [&hellip;]<\/p>\n","protected":false},"author":3,"featured_media":8248,"comment_status":"closed","ping_status":"open","sticky":false,"template":"","format":"standard","meta":{"_acf_changed":false,"footnotes":""},"categories":[1,13],"tags":[],"class_list":["post-8521","post","type-post","status-publish","format-standard","has-post-thumbnail","hentry","category-geral","category-regional"],"acf":{"subtitulo":"Copasa realiza obras emergenciais que podem afetar 43 bairros das 8h \u00e0s 18h; im\u00f3veis com caixas-d'\u00e1gua adequadas podem n\u00e3o perceber a interrup\u00e7\u00e3o","oculta_home":false,"leitura_rapida":""},"_links":{"self":[{"href":"https:\/\/diariodocomercio.com.br\/geral\/wp-json\/wp\/v2\/posts\/8521","targetHints":{"allow":["GET"]}}],"collection":[{"href":"https:\/\/diariodocomercio.com.br\/geral\/wp-json\/wp\/v2\/posts"}],"about":[{"href":"https:\/\/diariodocomercio.com.br\/geral\/wp-json\/wp\/v2\/types\/post"}],"author":[{"embeddable":true,"href":"https:\/\/diariodocomercio.com.br\/geral\/wp-json\/wp\/v2\/users\/3"}],"replies":[{"embeddable":true,"href":"https:\/\/diariodocomercio.com.br\/geral\/wp-json\/wp\/v2\/comments?post=8521"}],"version-history":[{"count":1,"href":"https:\/\/diariodocomercio.com.br\/geral\/wp-json\/wp\/v2\/posts\/8521\/revisions"}],"predecessor-version":[{"id":8522,"href":"https:\/\/diariodocomercio.com.br\/geral\/wp-json\/wp\/v2\/posts\/8521\/revisions\/8522"}],"wp:featuredmedia":[{"embeddable":true,"href":"https:\/\/diariodocomercio.com.br\/geral\/wp-json\/wp\/v2\/media\/8248"}],"wp:attachment":[{"href":"https:\/\/diariodocomercio.com.br\/geral\/wp-json\/wp\/v2\/media?parent=8521"}],"wp:term":[{"taxonomy":"category","embeddable":true,"href":"https:\/\/diariodocomercio.com.br\/geral\/wp-json\/wp\/v2\/categories?post=8521"},{"taxonomy":"post_tag","embeddable":true,"href":"https:\/\/diariodocomercio.com.br\/geral\/wp-json\/wp\/v2\/tags?post=8521"}],"curies":[{"name":"wp","href":"https:\/\/api.w.org\/{rel}","templated":true}]}}