{"id":8524,"date":"2026-09-04T13:45:00","date_gmt":"2026-09-04T16:45:00","guid":{"rendered":"https:\/\/diariodocomercio.com.br\/geral\/?p=8524"},"modified":"2026-09-04T12:56:58","modified_gmt":"2026-09-04T15:56:58","slug":"assistencia-funeral-gratuita","status":"publish","type":"post","link":"https:\/\/diariodocomercio.com.br\/geral\/assistencia-funeral-gratuita\/","title":{"rendered":"CDL\/BH oferece assist\u00eancia funeral gratuita a associados"},"content":{"rendered":"\n<p class=\"wp-block-paragraph\">A C\u00e2mara de Dirigentes Lojistas de Belo Horizonte firmou parceria com o Grupo Zelo para oferecer assist\u00eancia funeral gratuita a todos os seus associados. <\/p>\n\n\n\n<p class=\"wp-block-paragraph\">O benef\u00edcio j\u00e1 est\u00e1 valendo e amplia o conjunto de solu\u00e7\u00f5es voltadas \u00e0 seguran\u00e7a, sa\u00fade e bem-estar oferecido pela entidade a mais de 13 mil empresas da capital mineira. <\/p>\n\n\n\n<p class=\"wp-block-paragraph\">A assist\u00eancia funeral gratuita da <a href=\"https:\/\/www.cdlbh.com.br\/\" target=\"_blank\" rel=\"noopener\">CDL\/BH<\/a> chega em um momento de expans\u00e3o do conjunto de vantagens oferecidas ao empresariado local.<\/p>\n\n\n\n<p class=\"wp-block-paragraph\">O pacote oferecido cobre todos os servi\u00e7os necess\u00e1rios em caso de \u00f3bito, incluindo sepultamento ou crema\u00e7\u00e3o, al\u00e9m de traslados estaduais, interestaduais e a\u00e9reos sem limite de quilometragem. <\/p>\n\n\n\n<p class=\"wp-block-paragraph\">Esse tipo de cobertura ampla costuma ser um dos pontos mais valorizados em planos funer\u00e1rios corporativos, j\u00e1 que evita que a fam\u00edlia precise arcar com custos inesperados durante um momento j\u00e1 naturalmente dif\u00edcil.<\/p>\n\n\n\n<p class=\"wp-block-paragraph\">Al\u00e9m da parte funer\u00e1ria, os associados tamb\u00e9m passam a ter acesso \u00e0 plataforma DU Benef\u00edcios, que re\u00fane descontos em mais de quatro mil estabelecimentos parceiros. <\/p>\n\n\n\n<p class=\"wp-block-paragraph\">Segundo a <a href=\"https:\/\/diariodocomercio.com.br\/geral\/linha-de-credito-comerciantes-bdmg\/\">CDL\/BH<\/a>, a parceria com o Grupo Zelo ainda prev\u00ea condi\u00e7\u00f5es diferenciadas para quem quiser estender a prote\u00e7\u00e3o a familiares e funcion\u00e1rios das empresas associadas, por meio da contrata\u00e7\u00e3o de vidas adicionais.<\/p>\n\n\n\n<h2 class=\"wp-block-heading\">Como funciona o servi\u00e7o do Grupo Zelo<\/h2>\n\n\n\n<p class=\"wp-block-paragraph\">O Grupo Zelo \u00e9 uma empresa de origem mineira que atua em 12 estados e no Distrito Federal, com cerca de 300 unidades espalhadas por mais de 2 mil munic\u00edpios e cobertura para mais de 5 milh\u00f5es de vidas. <\/p>\n\n\n\n<p class=\"wp-block-paragraph\">Essa estrutura ampla \u00e9 o que viabiliza a promessa de traslados sem limite de quilometragem, j\u00e1 que a empresa consegue prestar atendimento em diferentes regi\u00f5es do pa\u00eds sem depender de terceiriza\u00e7\u00e3o em todas as etapas do servi\u00e7o.<\/p>\n\n\n\n<p class=\"wp-block-paragraph\">Na pr\u00e1tica, esse tipo de assist\u00eancia funciona de forma parecida com um seguro: a fam\u00edlia aciona a central de atendimento no momento em que precisa, e a empresa contratada organiza toda a burocracia, desde a libera\u00e7\u00e3o do corpo at\u00e9 o sepultamento ou a crema\u00e7\u00e3o, incluindo urna, prepara\u00e7\u00e3o e cerim\u00f4nia, sem custo adicional para quem est\u00e1 coberto pelo plano.<\/p>\n\n\n\n<h2 class=\"wp-block-heading\">Por que empresas investem em assist\u00eancia funeral como benef\u00edcio<\/h2>\n\n\n\n<p class=\"wp-block-paragraph\">A assist\u00eancia funeral tem se tornado uma tend\u00eancia dentro dos pacotes de benef\u00edcios corporativos, ao lado de solu\u00e7\u00f5es mais tradicionais, como plano de sa\u00fade e seguro de vida. <\/p>\n\n\n\n<p class=\"wp-block-paragraph\">O motivo \u00e9 simples: em momentos de luto, fam\u00edlias enfrentam decis\u00f5es urgentes, burocracias e despesas inesperadas, muitas vezes sem tempo ou condi\u00e7\u00e3o emocional para lidar com tudo isso sozinhas.<\/p>\n\n\n\n<p class=\"wp-block-paragraph\">Ao oferecer esse tipo de suporte, entidades e empresas reduzem o peso financeiro e pr\u00e1tico sobre os funcion\u00e1rios ou associados justamente no momento em que mais precisam de amparo. <\/p>\n\n\n\n<p class=\"wp-block-paragraph\">Esse cuidado tamb\u00e9m tende a fortalecer o v\u00ednculo entre a organiza\u00e7\u00e3o e quem faz parte dela, j\u00e1 que mostra aten\u00e7\u00e3o a um aspecto da vida que costuma ficar de fora da maioria dos pacotes de benef\u00edcios tradicionais.<\/p>\n\n\n\n<h2 class=\"wp-block-heading\">Novos associados tamb\u00e9m t\u00eam direito ao benef\u00edcio<\/h2>\n\n\n\n<p class=\"wp-block-paragraph\">De acordo com a CDL\/BH, o novo benef\u00edcio passa a valer automaticamente para todas as empresas que se associarem \u00e0 entidade a partir de agora, sem necessidade de contrata\u00e7\u00e3o separada. <\/p>\n\n\n\n<p class=\"wp-block-paragraph\">Isso significa que, al\u00e9m dos mais de 13 mil associados atuais, qualquer empres\u00e1rio que ingressar na CDL\/BH j\u00e1 entra com direito \u00e0 assist\u00eancia funeral gratuita como parte do pacote padr\u00e3o de servi\u00e7os.<\/p>\n\n\n\n<p class=\"wp-block-paragraph\">A entidade tamb\u00e9m destaca que a parceria refor\u00e7a o compromisso de ampliar, de forma cont\u00ednua, o leque de solu\u00e7\u00f5es voltadas \u00e0 prote\u00e7\u00e3o e ao bem-estar do empresariado de Belo Horizonte, indo al\u00e9m das frentes mais tradicionais de apoio ao com\u00e9rcio, como capacita\u00e7\u00e3o, redu\u00e7\u00e3o de custos e combate \u00e0 inadimpl\u00eancia.<\/p>\n\n\n\n<p class=\"wp-block-paragraph\">Na pr\u00e1tica, o principal ganho para quem j\u00e1 \u00e9 associado \u00e9 a tranquilidade de saber que, em caso de falecimento, a empresa n\u00e3o precisar\u00e1 organizar sozinha toda a parte burocr\u00e1tica e financeira de um funeral. <\/p>\n\n\n\n<p class=\"wp-block-paragraph\">Combinado ao acesso \u00e0 plataforma de descontos, o novo pacote de benef\u00edcios refor\u00e7a a proposta da CDL\/BH de funcionar n\u00e3o apenas como uma entidade de representa\u00e7\u00e3o comercial, mas tamb\u00e9m como uma rede de apoio direto ao empres\u00e1rio mineiro em diferentes momentos da vida.<\/p>\n","protected":false},"excerpt":{"rendered":"<p>A C\u00e2mara de Dirigentes Lojistas de Belo Horizonte firmou parceria com o Grupo Zelo para oferecer assist\u00eancia funeral gratuita a todos os seus associados. O benef\u00edcio j\u00e1 est\u00e1 valendo e amplia o conjunto de solu\u00e7\u00f5es voltadas \u00e0 seguran\u00e7a, sa\u00fade e bem-estar oferecido pela entidade a mais de 13 mil empresas da capital mineira. A assist\u00eancia [&hellip;]<\/p>\n","protected":false},"author":5,"featured_media":8529,"comment_status":"closed","ping_status":"open","sticky":false,"template":"","format":"standard","meta":{"_acf_changed":false,"footnotes":""},"categories":[1],"tags":[],"class_list":["post-8524","post","type-post","status-publish","format-standard","has-post-thumbnail","hentry","category-geral"],"acf":{"subtitulo":"Parceria com o Grupo Zelo cobre sepultamento, crema\u00e7\u00e3o e traslados sem limite de quilometragem para mais de 13 mil empresas de BH.","oculta_home":false,"leitura_rapida":""},"_links":{"self":[{"href":"https:\/\/diariodocomercio.com.br\/geral\/wp-json\/wp\/v2\/posts\/8524","targetHints":{"allow":["GET"]}}],"collection":[{"href":"https:\/\/diariodocomercio.com.br\/geral\/wp-json\/wp\/v2\/posts"}],"about":[{"href":"https:\/\/diariodocomercio.com.br\/geral\/wp-json\/wp\/v2\/types\/post"}],"author":[{"embeddable":true,"href":"https:\/\/diariodocomercio.com.br\/geral\/wp-json\/wp\/v2\/users\/5"}],"replies":[{"embeddable":true,"href":"https:\/\/diariodocomercio.com.br\/geral\/wp-json\/wp\/v2\/comments?post=8524"}],"version-history":[{"count":6,"href":"https:\/\/diariodocomercio.com.br\/geral\/wp-json\/wp\/v2\/posts\/8524\/revisions"}],"predecessor-version":[{"id":8531,"href":"https:\/\/diariodocomercio.com.br\/geral\/wp-json\/wp\/v2\/posts\/8524\/revisions\/8531"}],"wp:featuredmedia":[{"embeddable":true,"href":"https:\/\/diariodocomercio.com.br\/geral\/wp-json\/wp\/v2\/media\/8529"}],"wp:attachment":[{"href":"https:\/\/diariodocomercio.com.br\/geral\/wp-json\/wp\/v2\/media?parent=8524"}],"wp:term":[{"taxonomy":"category","embeddable":true,"href":"https:\/\/diariodocomercio.com.br\/geral\/wp-json\/wp\/v2\/categories?post=8524"},{"taxonomy":"post_tag","embeddable":true,"href":"https:\/\/diariodocomercio.com.br\/geral\/wp-json\/wp\/v2\/tags?post=8524"}],"curies":[{"name":"wp","href":"https:\/\/api.w.org\/{rel}","templated":true}]}}