{"id":8532,"date":"2026-09-04T14:30:00","date_gmt":"2026-09-04T17:30:00","guid":{"rendered":"https:\/\/diariodocomercio.com.br\/geral\/?p=8532"},"modified":"2026-09-04T13:26:45","modified_gmt":"2026-09-04T16:26:45","slug":"optar-pelo-simples-nacional","status":"publish","type":"post","link":"https:\/\/diariodocomercio.com.br\/geral\/optar-pelo-simples-nacional\/","title":{"rendered":"Prazo para optar pelo Simples Nacional come\u00e7a agora"},"content":{"rendered":"\n<p class=\"wp-block-paragraph\">O prazo para optar pelo Simples Nacional em 2027 come\u00e7ou nesta ter\u00e7a-feira (1\u00ba\/9) e vai at\u00e9 o dia 30 de setembro. A mudan\u00e7a na data \u00e9 resultado da reforma tribut\u00e1ria: antes, a escolha do regime era feita sempre em janeiro, mas o Comit\u00ea Gestor do Simples Nacional antecipou o processo em quatro meses para dar tempo de organizar a transi\u00e7\u00e3o para o novo sistema de impostos sobre o consumo.<\/p>\n\n\n\n<p class=\"wp-block-paragraph\">A regra vale para empresas que faturam at\u00e9 R$ 4,8 milh\u00f5es por ano e que ainda n\u00e3o fazem parte do Simples Nacional, mas querem entrar no regime a partir de janeiro de 2027. <\/p>\n\n\n\n<p class=\"wp-block-paragraph\">Quem j\u00e1 est\u00e1 no Simples normalmente n\u00e3o precisa pedir de novo para continuar no regime, mas mesmo assim vale a pena aproveitar setembro para checar se existe alguma pend\u00eancia fiscal que possa gerar exclus\u00e3o autom\u00e1tica no ano que vem.<\/p>\n\n\n\n<p class=\"wp-block-paragraph\">J\u00e1 quem abrir uma nova empresa entre 1\u00ba de outubro e 31 de dezembro de 2026 segue uma regra pr\u00f3pria: a op\u00e7\u00e3o pelo Simples Nacional feita no momento do cadastro do CNPJ j\u00e1 vale tanto para o restante de 2026 quanto para todo o ano de 2027, sem precisar repetir o pedido em setembro.<\/p>\n\n\n\n<h2 class=\"wp-block-heading\">Por que o prazo do Simples Nacional mudou este ano<\/h2>\n\n\n\n<p class=\"wp-block-paragraph\">A mudan\u00e7a est\u00e1 diretamente ligada \u00e0 reforma tribut\u00e1ria, que criou dois novos impostos sobre o consumo: o Imposto sobre Bens e Servi\u00e7os e a Contribui\u00e7\u00e3o sobre Bens e Servi\u00e7os. <\/p>\n\n\n\n<p class=\"wp-block-paragraph\">Esses tributos v\u00e3o substituir, aos poucos, impostos como PIS, Cofins, ICMS e ISS, e agora tamb\u00e9m precisam ser encaixados dentro das regras do Simples Nacional.<\/p>\n\n\n\n<p class=\"wp-block-paragraph\">Como esses novos impostos trazem uma forma diferente de calcular cr\u00e9ditos entre empresas, o governo decidiu antecipar a escolha do regime para setembro, dando mais tempo para que neg\u00f3cios e contadores se organizem antes do in\u00edcio do pr\u00f3ximo ano, em vez de decidir tudo de \u00faltima hora em janeiro.<\/p>\n\n\n\n<h2 class=\"wp-block-heading\">O que muda com os novos impostos dentro do Simples<\/h2>\n\n\n\n<p class=\"wp-block-paragraph\">Mesmo quem optar pelo Simples Nacional vai poder escolher, separadamente, como pagar esses dois novos tributos. Existem duas op\u00e7\u00f5es: seguir recolhendo tudo dentro do pr\u00f3prio Simples, do jeito mais simples e direto, ou sair dessa parte espec\u00edfica e pagar o Imposto sobre Bens e Servi\u00e7os e a Contribui\u00e7\u00e3o sobre Bens e Servi\u00e7os pelo regime normal, usado pelas empresas maiores.<\/p>\n\n\n\n<p class=\"wp-block-paragraph\">Essa segunda op\u00e7\u00e3o pode fazer sentido, principalmente, para neg\u00f3cios que vendem para outras empresas, j\u00e1 que o regime normal permite aproveitar cr\u00e9ditos tribut\u00e1rios ao longo da cadeia de fornecimento, algo que pode reduzir o valor final pago em impostos. <\/p>\n\n\n\n<p class=\"wp-block-paragraph\">Quem vende diretamente para o consumidor final, por outro lado, tende a se beneficiar mais da simplicidade de manter tudo dentro do Simples Nacional.<\/p>\n\n\n\n<h2 class=\"wp-block-heading\">Datas importantes para n\u00e3o perder o prazo<\/h2>\n\n\n\n<p class=\"wp-block-paragraph\">Para n\u00e3o se perder no meio de tantas mudan\u00e7as, vale guardar os prazos principais deste processo:<\/p>\n\n\n\n<ul class=\"wp-block-list\">\n<li>De 1\u00ba a 30 de setembro de 2026: per\u00edodo para pedir a entrada no Simples Nacional a partir de 2027<\/li>\n\n\n\n<li>At\u00e9 30 de novembro de 2026: prazo para desistir do pedido feito em setembro, caso a empresa mude de ideia<\/li>\n\n\n\n<li>1\u00ba de janeiro de 2027: data em que a op\u00e7\u00e3o pelo Simples Nacional come\u00e7a a valer<\/li>\n\n\n\n<li>De 1\u00ba a 31 de mar\u00e7o de 2027: nova chance de escolher a forma de pagar os novos impostos, com efeito a partir do segundo semestre de 2027<\/li>\n<\/ul>\n\n\n\n<p class=\"wp-block-paragraph\">Vale lembrar que, se a empresa desistir do pedido em novembro, n\u00e3o poder\u00e1 fazer um novo pedido depois para valer j\u00e1 em 2027, ent\u00e3o a decis\u00e3o final de desist\u00eancia precisa ser bem pensada.<\/p>\n\n\n\n<h2 class=\"wp-block-heading\">O que fazer antes de decidir<\/h2>\n\n\n\n<p class=\"wp-block-paragraph\">Antes de fechar a escolha, o ideal \u00e9 conversar com um contador de confian\u00e7a e avaliar alguns pontos: para quem a empresa mais vende, se os fornecedores <a href=\"https:\/\/diariodocomercio.com.br\/geral\/nanoempreendedor-cnpj-nota-fiscal-2028\/\">emitem nota fiscal<\/a> com direito a cr\u00e9dito, como fica a forma\u00e7\u00e3o de pre\u00e7o dos produtos ou servi\u00e7os e qual op\u00e7\u00e3o pesa menos no fluxo de caixa do neg\u00f3cio ao longo do ano. <\/p>\n\n\n\n<p class=\"wp-block-paragraph\">Essa an\u00e1lise evita que a empresa escolha um caminho s\u00f3 olhando para a al\u00edquota, sem considerar o impacto real no bolso ao longo dos meses.<\/p>\n\n\n\n<p class=\"wp-block-paragraph\">Quem deixar para decidir na \u00faltima hora corre o risco de perder o prazo de setembro e ficar de fora do <a href=\"https:\/\/www8.receita.fazenda.gov.br\/simplesnacional\/\" target=\"_blank\" rel=\"noreferrer noopener\">Simples Nacional<\/a> em 2027, tendo que esperar at\u00e9 a pr\u00f3xima janela de op\u00e7\u00e3o para tentar entrar no regime simplificado novamente.<\/p>\n","protected":false},"excerpt":{"rendered":"<p>O prazo para optar pelo Simples Nacional em 2027 come\u00e7ou nesta ter\u00e7a-feira (1\u00ba\/9) e vai at\u00e9 o dia 30 de setembro. A mudan\u00e7a na data \u00e9 resultado da reforma tribut\u00e1ria: antes, a escolha do regime era feita sempre em janeiro, mas o Comit\u00ea Gestor do Simples Nacional antecipou o processo em quatro meses para dar [&hellip;]<\/p>\n","protected":false},"author":5,"featured_media":8545,"comment_status":"closed","ping_status":"open","sticky":false,"template":"","format":"standard","meta":{"_acf_changed":false,"footnotes":""},"categories":[1],"tags":[133],"class_list":["post-8532","post","type-post","status-publish","format-standard","has-post-thumbnail","hentry","category-geral","tag-empreendedorismo"],"acf":{"subtitulo":"Reforma tribut\u00e1ria antecipa em quatro meses a escolha do regime, que passa a ser feita em setembro em vez de janeiro.","oculta_home":false,"leitura_rapida":""},"_links":{"self":[{"href":"https:\/\/diariodocomercio.com.br\/geral\/wp-json\/wp\/v2\/posts\/8532","targetHints":{"allow":["GET"]}}],"collection":[{"href":"https:\/\/diariodocomercio.com.br\/geral\/wp-json\/wp\/v2\/posts"}],"about":[{"href":"https:\/\/diariodocomercio.com.br\/geral\/wp-json\/wp\/v2\/types\/post"}],"author":[{"embeddable":true,"href":"https:\/\/diariodocomercio.com.br\/geral\/wp-json\/wp\/v2\/users\/5"}],"replies":[{"embeddable":true,"href":"https:\/\/diariodocomercio.com.br\/geral\/wp-json\/wp\/v2\/comments?post=8532"}],"version-history":[{"count":6,"href":"https:\/\/diariodocomercio.com.br\/geral\/wp-json\/wp\/v2\/posts\/8532\/revisions"}],"predecessor-version":[{"id":8538,"href":"https:\/\/diariodocomercio.com.br\/geral\/wp-json\/wp\/v2\/posts\/8532\/revisions\/8538"}],"wp:featuredmedia":[{"embeddable":true,"href":"https:\/\/diariodocomercio.com.br\/geral\/wp-json\/wp\/v2\/media\/8545"}],"wp:attachment":[{"href":"https:\/\/diariodocomercio.com.br\/geral\/wp-json\/wp\/v2\/media?parent=8532"}],"wp:term":[{"taxonomy":"category","embeddable":true,"href":"https:\/\/diariodocomercio.com.br\/geral\/wp-json\/wp\/v2\/categories?post=8532"},{"taxonomy":"post_tag","embeddable":true,"href":"https:\/\/diariodocomercio.com.br\/geral\/wp-json\/wp\/v2\/tags?post=8532"}],"curies":[{"name":"wp","href":"https:\/\/api.w.org\/{rel}","templated":true}]}}