{"id":8539,"date":"2026-09-04T13:30:00","date_gmt":"2026-09-04T16:30:00","guid":{"rendered":"https:\/\/diariodocomercio.com.br\/geral\/?p=8539"},"modified":"2026-09-04T13:22:57","modified_gmt":"2026-09-04T16:22:57","slug":"feirao-de-empregos-bh-3-mil-vagas","status":"publish","type":"post","link":"https:\/\/diariodocomercio.com.br\/geral\/feirao-de-empregos-bh-3-mil-vagas\/","title":{"rendered":"BH ter\u00e1 feir\u00e3o de empregos com mais de 3 mil vagas e atendimento exclusivo para PCD"},"content":{"rendered":"\n<p class=\"wp-block-paragraph\">Belo Horizonte ter\u00e1 um Feir\u00e3o de Empregos, Oportunidades e Inclus\u00e3o com mais de 3 mil oportunidades de trabalho em diferentes segmentos. O evento ser\u00e1 realizado em 23 de outubro, no Centro de Refer\u00eancia das Juventudes, no Hipercentro, e ter\u00e1 atendimento exclusivo para pessoas com defici\u00eancia (PCD), al\u00e9m de encaminhamento para cursos de qualifica\u00e7\u00e3o profissional.<\/p>\n\n\n\n<p class=\"wp-block-paragraph\">A iniciativa \u00e9 organizada pela Prefeitura de Belo Horizonte, que j\u00e1 trabalha na sele\u00e7\u00e3o das empresas que participar\u00e3o da estrutura de recrutamento e encaminhamento dos trabalhadores.<\/p>\n\n\n\n<h2 class=\"wp-block-heading\"><strong>Evento ter\u00e1 orienta\u00e7\u00e3o profissional e vagas exclusivas para PCD<\/strong><\/h2>\n\n\n\n<p class=\"wp-block-paragraph\">Durante o evento, tamb\u00e9m ser\u00e3o disponibilizadas vagas para pessoas com defici\u00eancia, com atendimento exclusivo para este p\u00fablico.<\/p>\n\n\n\n<p class=\"wp-block-paragraph\">Al\u00e9m da busca por uma vaga, os participantes poder\u00e3o receber orienta\u00e7\u00e3o sobre cursos de qualifica\u00e7\u00e3o. A proposta \u00e9 oferecer uma alternativa para quem n\u00e3o encontrar, durante o evento, uma oportunidade compat\u00edvel com sua experi\u00eancia ou forma\u00e7\u00e3o.<\/p>\n\n\n\n<p class=\"wp-block-paragraph\">Nesses casos, os trabalhadores poder\u00e3o ser direcionados para capacita\u00e7\u00f5es que contribuam para o desenvolvimento profissional e ampliem as possibilidades de ingresso ou recoloca\u00e7\u00e3o no mercado de trabalho.<\/p>\n\n\n\n<h2 class=\"wp-block-heading\"><strong>Empresas podem se inscrever at\u00e9 15 de setembro<\/strong><\/h2>\n\n\n\n<p class=\"wp-block-paragraph\">As empresas interessadas em participar do feir\u00e3o de empregos precisam se inscrever at\u00e9 15 de setembro, por meio de <a href=\"https:\/\/docs.google.com\/forms\/d\/1K9eV_0M1hBU7jLYzsXUUhbh1PRLRR3XHMOhxuA7gjUo\/viewform?edit_requested=true\" target=\"_blank\" rel=\"noopener\">formul\u00e1rio online<\/a> disponibilizado pela Prefeitura de Belo Horizonte (PBH).<\/p>\n\n\n\n<p class=\"wp-block-paragraph\">A organiza\u00e7\u00e3o reservou 40 vagas para empresas. A sele\u00e7\u00e3o levar\u00e1 em considera\u00e7\u00e3o a atua\u00e7\u00e3o das companhias em diferentes segmentos, com o objetivo de diversificar as oportunidades oferecidas aos candidatos.<\/p>\n\n\n\n<p class=\"wp-block-paragraph\">O resultado est\u00e1 previsto para 21 de setembro, com as empresas selecionadas sendo comunicadas por e-mail.<\/p>\n\n\n\n<p class=\"wp-block-paragraph\">A PBH deve divulgar, nas pr\u00f3ximas semanas, informa\u00e7\u00f5es adicionais sobre o evento, incluindo a rela\u00e7\u00e3o das empresas participantes, as vagas dispon\u00edveis e os documentos que dever\u00e3o ser apresentados pelos candidatos.<\/p>\n","protected":false},"excerpt":{"rendered":"<p>Belo Horizonte ter\u00e1 um Feir\u00e3o de Empregos, Oportunidades e Inclus\u00e3o com mais de 3 mil oportunidades de trabalho em diferentes segmentos. O evento ser\u00e1 realizado em 23 de outubro, no Centro de Refer\u00eancia das Juventudes, no Hipercentro, e ter\u00e1 atendimento exclusivo para pessoas com defici\u00eancia (PCD), al\u00e9m de encaminhamento para cursos de qualifica\u00e7\u00e3o profissional. A [&hellip;]<\/p>\n","protected":false},"author":3,"featured_media":2306,"comment_status":"closed","ping_status":"open","sticky":false,"template":"","format":"standard","meta":{"_acf_changed":false,"footnotes":""},"categories":[9,13],"tags":[],"class_list":["post-8539","post","type-post","status-publish","format-standard","has-post-thumbnail","hentry","category-economia","category-regional"],"acf":{"subtitulo":"Evento ser\u00e1 realizado no Hipercentro em outubro e tamb\u00e9m ter\u00e1 oportunidades de qualifica\u00e7\u00e3o profissional para quem busca uma coloca\u00e7\u00e3o no mercado","oculta_home":false,"leitura_rapida":""},"_links":{"self":[{"href":"https:\/\/diariodocomercio.com.br\/geral\/wp-json\/wp\/v2\/posts\/8539","targetHints":{"allow":["GET"]}}],"collection":[{"href":"https:\/\/diariodocomercio.com.br\/geral\/wp-json\/wp\/v2\/posts"}],"about":[{"href":"https:\/\/diariodocomercio.com.br\/geral\/wp-json\/wp\/v2\/types\/post"}],"author":[{"embeddable":true,"href":"https:\/\/diariodocomercio.com.br\/geral\/wp-json\/wp\/v2\/users\/3"}],"replies":[{"embeddable":true,"href":"https:\/\/diariodocomercio.com.br\/geral\/wp-json\/wp\/v2\/comments?post=8539"}],"version-history":[{"count":1,"href":"https:\/\/diariodocomercio.com.br\/geral\/wp-json\/wp\/v2\/posts\/8539\/revisions"}],"predecessor-version":[{"id":8544,"href":"https:\/\/diariodocomercio.com.br\/geral\/wp-json\/wp\/v2\/posts\/8539\/revisions\/8544"}],"wp:featuredmedia":[{"embeddable":true,"href":"https:\/\/diariodocomercio.com.br\/geral\/wp-json\/wp\/v2\/media\/2306"}],"wp:attachment":[{"href":"https:\/\/diariodocomercio.com.br\/geral\/wp-json\/wp\/v2\/media?parent=8539"}],"wp:term":[{"taxonomy":"category","embeddable":true,"href":"https:\/\/diariodocomercio.com.br\/geral\/wp-json\/wp\/v2\/categories?post=8539"},{"taxonomy":"post_tag","embeddable":true,"href":"https:\/\/diariodocomercio.com.br\/geral\/wp-json\/wp\/v2\/tags?post=8539"}],"curies":[{"name":"wp","href":"https:\/\/api.w.org\/{rel}","templated":true}]}}