{"id":8540,"date":"2026-09-04T14:00:00","date_gmt":"2026-09-04T17:00:00","guid":{"rendered":"https:\/\/diariodocomercio.com.br\/geral\/?p=8540"},"modified":"2026-09-04T13:22:45","modified_gmt":"2026-09-04T16:22:45","slug":"acidentes-na-mg-050-sobem","status":"publish","type":"post","link":"https:\/\/diariodocomercio.com.br\/geral\/acidentes-na-mg-050-sobem\/","title":{"rendered":"Acidentes na MG-050 sobem 10% e rodovia lidera ranking em MG"},"content":{"rendered":"\n<p class=\"wp-block-paragraph\">Os acidentes na MG-050 cresceram 10,3% no primeiro semestre de 2026: foram 847 ocorr\u00eancias entre janeiro e junho, contra 768 no mesmo per\u00edodo de 2025. A rodovia estadual privatizada assumiu o topo do ranking entre todas as vias sob gest\u00e3o do estado em Minas Gerais.<\/p>\n\n\n\n<p class=\"wp-block-paragraph\">Feridos passaram de 215 para 218, alta de 1,4%. As mortes recuaram de 29 para 22, queda de 24,1% frente ao mesmo intervalo do ano anterior.<\/p>\n\n\n\n<p class=\"wp-block-paragraph\">Os dados foram compilados pelo Estado de Minas com base nos registros da <a href=\"https:\/\/www.gov.br\/prf\/pt-br\" target=\"_blank\" rel=\"noopener\">Pol\u00edcia Rodovi\u00e1ria Federal (PRF<\/a>) e da Sejusp (Secretaria de Estado de Justi\u00e7a e Seguran\u00e7a P\u00fablica).<\/p>\n\n\n\n<h2 class=\"wp-block-heading\"><strong>Acidentes na MG-050 lideram, mas outra estadual mata mais<\/strong><\/h2>\n\n\n\n<p class=\"wp-block-paragraph\">A MG-010, que liga Belo Horizonte ao Aeroporto de Confins e \u00e0 Serra do Cip\u00f3, aparece em segundo lugar entre as vias estaduais, com 553 acidentes e alta de 5,3%.<\/p>\n\n\n\n<p class=\"wp-block-paragraph\">J\u00e1 a MGC-135, antiga BR-135, \u00e9 a mais letal do grupo: com 293 ocorr\u00eancias, a via somou 34 mortos no semestre, alta de 6,2% sobre 2025, e 130 feridos.<\/p>\n\n\n\n<h2 class=\"wp-block-heading\"><strong>Uma morte a cada 5 horas nas estradas de MG<\/strong><\/h2>\n\n\n\n<p class=\"wp-block-paragraph\">Minas encerrou os seis primeiros meses com cerca de 14 mil acidentes, 746 mortos e 7.820 feridos nas vias estaduais e federais. O volume de ocorr\u00eancias ficou praticamente est\u00e1vel (+0,3%), enquanto as mortes ca\u00edram 7,1% e os feridos recuaram 4,2% frente a 2025.<\/p>\n\n\n\n<p class=\"wp-block-paragraph\">Na m\u00e9dia do semestre, as estradas mineiras registraram uma ocorr\u00eancia a cada 56 minutos. O intervalo entre feridos foi de 1 hora e 46 minutos. Entre mortes, de 5 horas e 49 minutos.<\/p>\n\n\n\n<p class=\"wp-block-paragraph\">Entre as federais, a BR-381 liderou com 1.347 acidentes, 87 mortos e 1.633 feridos. A BR-040 registrou 850 acidentes, com 73 mortos e 1.019 pessoas feridas no per\u00edodo.<\/p>\n\n\n\n<p class=\"wp-block-paragraph\">Segundo a PRF e a Sejusp, as principais causas foram a falta de aten\u00e7\u00e3o dos condutores e o n\u00e3o cumprimento da dist\u00e2ncia de seguran\u00e7a. Alta velocidade e atropelamentos de pedestres concentraram os casos mais graves.<\/p>\n\n\n\n<p class=\"wp-block-paragraph\">O cen\u00e1rio tende a se agravar no feriado de 7 de Setembro, quando o fluxo nas estradas cresce. A <a href=\"https:\/\/diariodocomercio.com.br\/geral\/operacao-independencia-minas\/\">Opera\u00e7\u00e3o Independ\u00eancia<\/a> foi deflagrada pela PRF nesta sexta-feira (4) e segue at\u00e9 segunda (7), com monitoramento refor\u00e7ado nas rodovias federais.<\/p>\n","protected":false},"excerpt":{"rendered":"<p>Os acidentes na MG-050 cresceram 10,3% no primeiro semestre de 2026: foram 847 ocorr\u00eancias entre janeiro e junho, contra 768 no mesmo per\u00edodo de 2025. A rodovia estadual privatizada assumiu o topo do ranking entre todas as vias sob gest\u00e3o do estado em Minas Gerais. Feridos passaram de 215 para 218, alta de 1,4%. As [&hellip;]<\/p>\n","protected":false},"author":4,"featured_media":8543,"comment_status":"closed","ping_status":"open","sticky":false,"template":"","format":"standard","meta":{"_acf_changed":false,"footnotes":""},"categories":[13],"tags":[],"class_list":["post-8540","post","type-post","status-publish","format-standard","has-post-thumbnail","hentry","category-regional"],"acf":{"subtitulo":"Via concentrou 847 acidentes no semestre, mas registrou queda de 24% nas mortes","oculta_home":false,"leitura_rapida":""},"_links":{"self":[{"href":"https:\/\/diariodocomercio.com.br\/geral\/wp-json\/wp\/v2\/posts\/8540","targetHints":{"allow":["GET"]}}],"collection":[{"href":"https:\/\/diariodocomercio.com.br\/geral\/wp-json\/wp\/v2\/posts"}],"about":[{"href":"https:\/\/diariodocomercio.com.br\/geral\/wp-json\/wp\/v2\/types\/post"}],"author":[{"embeddable":true,"href":"https:\/\/diariodocomercio.com.br\/geral\/wp-json\/wp\/v2\/users\/4"}],"replies":[{"embeddable":true,"href":"https:\/\/diariodocomercio.com.br\/geral\/wp-json\/wp\/v2\/comments?post=8540"}],"version-history":[{"count":2,"href":"https:\/\/diariodocomercio.com.br\/geral\/wp-json\/wp\/v2\/posts\/8540\/revisions"}],"predecessor-version":[{"id":8542,"href":"https:\/\/diariodocomercio.com.br\/geral\/wp-json\/wp\/v2\/posts\/8540\/revisions\/8542"}],"wp:featuredmedia":[{"embeddable":true,"href":"https:\/\/diariodocomercio.com.br\/geral\/wp-json\/wp\/v2\/media\/8543"}],"wp:attachment":[{"href":"https:\/\/diariodocomercio.com.br\/geral\/wp-json\/wp\/v2\/media?parent=8540"}],"wp:term":[{"taxonomy":"category","embeddable":true,"href":"https:\/\/diariodocomercio.com.br\/geral\/wp-json\/wp\/v2\/categories?post=8540"},{"taxonomy":"post_tag","embeddable":true,"href":"https:\/\/diariodocomercio.com.br\/geral\/wp-json\/wp\/v2\/tags?post=8540"}],"curies":[{"name":"wp","href":"https:\/\/api.w.org\/{rel}","templated":true}]}}