{"id":8553,"date":"2026-09-04T14:15:00","date_gmt":"2026-09-04T17:15:00","guid":{"rendered":"https:\/\/diariodocomercio.com.br\/geral\/?p=8553"},"modified":"2026-09-04T14:12:04","modified_gmt":"2026-09-04T17:12:04","slug":"creches-surto-de-sarna-em-alfenas","status":"publish","type":"post","link":"https:\/\/diariodocomercio.com.br\/geral\/creches-surto-de-sarna-em-alfenas\/","title":{"rendered":"Surto de sarna humana cancela desfile de 7 de Setembro e fecha creches no Sul de Minas"},"content":{"rendered":"\n<p class=\"wp-block-paragraph\">O desfile de 7 de Setembro em Alfenas, no Sul de Minas, foi cancelado por causa de um surto de sarna humana, que j\u00e1 soma cerca de 150 casos no munic\u00edpio. A doen\u00e7a tamb\u00e9m for\u00e7ou o fechamento de duas creches e levou a prefeitura a criar um comit\u00ea de enfrentamento.<\/p>\n\n\n\n<p class=\"wp-block-paragraph\">O comit\u00ea decidiu pela suspens\u00e3o do desfile com base em orienta\u00e7\u00f5es das equipes de Sa\u00fade e Educa\u00e7\u00e3o. Em substitui\u00e7\u00e3o, um ato de hasteamento de bandeiras acontece no dia 7, a partir das 7h, na Pra\u00e7a Get\u00falio Vargas, diante da Igreja Matriz S\u00e3o Jos\u00e9 e Dores.<\/p>\n\n\n\n<p class=\"wp-block-paragraph\">Os primeiros diagn\u00f3sticos foram feitos na \u00faltima semana de agosto. Desde ent\u00e3o, a prefeitura age em parceria com o <a href=\"https:\/\/www.saude.mg.gov.br\/\" target=\"_blank\" rel=\"noopener\">Centro de Informa\u00e7\u00f5es Estrat\u00e9gicas em Vigil\u00e2ncia em Sa\u00fade de Minas Gerais (CIEVS-Minas)<\/a> para conter a transmiss\u00e3o. A Vigil\u00e2ncia Epidemiol\u00f3gica identificou 20 contaminados no Cemei Dona Vanja, no bairro Campos El\u00edseos, sendo 18 crian\u00e7as e 2 funcion\u00e1rios. No Cemei Professora Maria Concei\u00e7\u00e3o Carvalho, no Jardim S\u00e3o Carlos, foram 25 infectados, entre 19 estudantes e 6 servidores.<\/p>\n\n\n\n<h2 class=\"wp-block-heading\"><strong>Por que a doen\u00e7a se espalha t\u00e3o r\u00e1pido\u00a0<\/strong><\/h2>\n\n\n\n<p class=\"wp-block-paragraph\">A infectologista Luisa Patr\u00edcia Fogarolli disse ao G1 Sul de Minas que o cont\u00e1gio da escabiose depende de proximidade f\u00edsica prolongada entre as pessoas. &#8220;Pessoas que dormem na mesma cama, m\u00e3es que abra\u00e7am e dormem com as crian\u00e7as, crian\u00e7as de ber\u00e7\u00e1rio que t\u00eam o h\u00e1bito de abra\u00e7ar o coleguinha. \u00c9 esse contato pr\u00f3ximo e prolongado que vai ser respons\u00e1vel&#8221;, afirmou.<\/p>\n\n\n\n<p class=\"wp-block-paragraph\">A doen\u00e7a provoca manchas vermelhas e coceira que piora \u00e0 noite. Axilas, virilha e entre os dedos s\u00e3o as regi\u00f5es mais atingidas. Em beb\u00eas e crian\u00e7as pequenas, p\u00e9s e m\u00e3os tamb\u00e9m costumam ser afetados.<\/p>\n\n\n\n<p class=\"wp-block-paragraph\">A m\u00e9dica tamb\u00e9m esclareceu que animais dom\u00e9sticos n\u00e3o transmitem a doen\u00e7a. O \u00e1caro respons\u00e1vel pela sarna em pets pertence a uma esp\u00e9cie distinta e n\u00e3o infecta humanos.<\/p>\n","protected":false},"excerpt":{"rendered":"<p>O desfile de 7 de Setembro em Alfenas, no Sul de Minas, foi cancelado por causa de um surto de sarna humana, que j\u00e1 soma cerca de 150 casos no munic\u00edpio. A doen\u00e7a tamb\u00e9m for\u00e7ou o fechamento de duas creches e levou a prefeitura a criar um comit\u00ea de enfrentamento. O comit\u00ea decidiu pela suspens\u00e3o [&hellip;]<\/p>\n","protected":false},"author":4,"featured_media":8558,"comment_status":"closed","ping_status":"open","sticky":false,"template":"","format":"standard","meta":{"_acf_changed":false,"footnotes":""},"categories":[13],"tags":[],"class_list":["post-8553","post","type-post","status-publish","format-standard","has-post-thumbnail","hentry","category-regional"],"acf":{"subtitulo":"A Prefeitura de Alfenas age com comit\u00ea e parceria estadual para conter os casos","oculta_home":false,"leitura_rapida":""},"_links":{"self":[{"href":"https:\/\/diariodocomercio.com.br\/geral\/wp-json\/wp\/v2\/posts\/8553","targetHints":{"allow":["GET"]}}],"collection":[{"href":"https:\/\/diariodocomercio.com.br\/geral\/wp-json\/wp\/v2\/posts"}],"about":[{"href":"https:\/\/diariodocomercio.com.br\/geral\/wp-json\/wp\/v2\/types\/post"}],"author":[{"embeddable":true,"href":"https:\/\/diariodocomercio.com.br\/geral\/wp-json\/wp\/v2\/users\/4"}],"replies":[{"embeddable":true,"href":"https:\/\/diariodocomercio.com.br\/geral\/wp-json\/wp\/v2\/comments?post=8553"}],"version-history":[{"count":6,"href":"https:\/\/diariodocomercio.com.br\/geral\/wp-json\/wp\/v2\/posts\/8553\/revisions"}],"predecessor-version":[{"id":8560,"href":"https:\/\/diariodocomercio.com.br\/geral\/wp-json\/wp\/v2\/posts\/8553\/revisions\/8560"}],"wp:featuredmedia":[{"embeddable":true,"href":"https:\/\/diariodocomercio.com.br\/geral\/wp-json\/wp\/v2\/media\/8558"}],"wp:attachment":[{"href":"https:\/\/diariodocomercio.com.br\/geral\/wp-json\/wp\/v2\/media?parent=8553"}],"wp:term":[{"taxonomy":"category","embeddable":true,"href":"https:\/\/diariodocomercio.com.br\/geral\/wp-json\/wp\/v2\/categories?post=8553"},{"taxonomy":"post_tag","embeddable":true,"href":"https:\/\/diariodocomercio.com.br\/geral\/wp-json\/wp\/v2\/tags?post=8553"}],"curies":[{"name":"wp","href":"https:\/\/api.w.org\/{rel}","templated":true}]}}