{"id":8573,"date":"2026-09-04T19:32:04","date_gmt":"2026-09-04T22:32:04","guid":{"rendered":"https:\/\/diariodocomercio.com.br\/geral\/?p=8573"},"modified":"2026-09-04T19:32:05","modified_gmt":"2026-09-04T22:32:05","slug":"mercado-central-bh-festa-97-anos-7-de-setembro","status":"publish","type":"post","link":"https:\/\/diariodocomercio.com.br\/geral\/mercado-central-bh-festa-97-anos-7-de-setembro\/","title":{"rendered":"Mercado Central de BH ter\u00e1 festa gratuita com shows e distribui\u00e7\u00e3o de 6 mil brownies no feriado de 7 de Setembro"},"content":{"rendered":"\n<p class=\"wp-block-paragraph\">O Mercado Central de Belo Horizonte completa 97 anos no pr\u00f3ximo domingo (7), feriado de 7 de Setembro, e vai celebrar a data com uma programa\u00e7\u00e3o gratuita no entorno do espa\u00e7o. A festa ter\u00e1 shows em dois palcos, atra\u00e7\u00f5es para crian\u00e7as, op\u00e7\u00f5es gastron\u00f4micas e a distribui\u00e7\u00e3o de 6 mil brownies ao p\u00fablico. O evento ser\u00e1 realizado das 9h \u00e0s 17h, entre a avenida Augusto de Lima e a rua Santa Catarina.<\/p>\n\n\n\n<p class=\"wp-block-paragraph\">A comemora\u00e7\u00e3o tamb\u00e9m marca o in\u00edcio da contagem regressiva para o centen\u00e1rio do Mercado Central, que ser\u00e1 celebrado em 2029. Apesar da entrada gratuita, os interessados precisam retirar o ingresso antecipadamente pela plataforma Ingresse.<\/p>\n\n\n\n<h2 class=\"wp-block-heading\"><strong>Festa ter\u00e1 m\u00fasica, gastronomia e atra\u00e7\u00f5es para fam\u00edlias<\/strong><\/h2>\n\n\n\n<p class=\"wp-block-paragraph\">Durante a comemora\u00e7\u00e3o, bares e restaurantes do <a href=\"https:\/\/mercadocentral.com.br\/\" target=\"_blank\" rel=\"noopener\">Mercado Central<\/a> levar\u00e3o parte da gastronomia tradicional do espa\u00e7o para as ruas pr\u00f3ximas. A programa\u00e7\u00e3o tamb\u00e9m contar\u00e1 com atividades destinadas \u00e0s crian\u00e7as e \u00e0s fam\u00edlias, al\u00e9m da cerim\u00f4nia oficial de anivers\u00e1rio, com o momento do parab\u00e9ns.<\/p>\n\n\n\n<p class=\"wp-block-paragraph\">Uma das novidades deste ano ser\u00e1 a substitui\u00e7\u00e3o do tradicional bolo por uma distribui\u00e7\u00e3o de 6 mil brownies, que ser\u00e3o entregues gratuitamente aos visitantes durante a festa.<\/p>\n\n\n\n<p class=\"wp-block-paragraph\">As comemora\u00e7\u00f5es come\u00e7am no domingo (6), com uma missa solene \u00e0s 7h, na Capela Nossa Senhora de F\u00e1tima, localizada dentro do Mercado Central. J\u00e1 no feriado de segunda, as lojas funcionar\u00e3o das 8h \u00e0s 13h, enquanto a programa\u00e7\u00e3o externa seguir\u00e1 at\u00e9 as 17h.<\/p>\n\n\n\n<p class=\"wp-block-paragraph\">A festa de 97 anos tamb\u00e9m d\u00e1 in\u00edcio \u00e0s a\u00e7\u00f5es relacionadas ao centen\u00e1rio do Mercado Central. De acordo com a dire\u00e7\u00e3o do espa\u00e7o, novas iniciativas devem ser realizadas ao longo dos pr\u00f3ximos tr\u00eas anos como parte da prepara\u00e7\u00e3o para os 100 anos.<\/p>\n\n\n\n<h2 class=\"wp-block-heading\"><strong>Confira a programa\u00e7\u00e3o dos shows<\/strong><\/h2>\n\n\n\n<p class=\"wp-block-paragraph\">A festa ter\u00e1 dois palcos instalados nas ruas do entorno do Mercado Central. No Palco Mercado Central, na avenida Augusto de Lima, a programa\u00e7\u00e3o come\u00e7a \u00e0s 9h. J\u00e1 o Palco Beag\u00e1, na rua Santa Catarina, ter\u00e1 atra\u00e7\u00f5es a partir das 10h30.<\/p>\n\n\n\n<h3 class=\"wp-block-heading\"><strong>Palco Mercado Central<\/strong><\/h3>\n\n\n\n<p class=\"wp-block-paragraph\"><strong>Avenida Augusto de Lima<\/strong><\/p>\n\n\n\n<ul class=\"wp-block-list\">\n<li><strong>9h:<\/strong> Tilulu<\/li>\n\n\n\n<li><strong>10h:<\/strong> Cerim\u00f4nia oficial e pronunciamentos<\/li>\n\n\n\n<li><strong>10h30:<\/strong> Thiago Delegado interpreta os <em>Afro-sambas<\/em><\/li>\n\n\n\n<li><strong>12h:<\/strong> Zaidan<\/li>\n\n\n\n<li><strong>13h30:<\/strong> Transmissor homenageia Clube da Esquina<\/li>\n\n\n\n<li><strong>15h:<\/strong> DJ Fausto<\/li>\n\n\n\n<li><strong>17h:<\/strong> Encerramento<\/li>\n<\/ul>\n\n\n\n<h3 class=\"wp-block-heading\"><strong>Palco Beag\u00e1<\/strong><\/h3>\n\n\n\n<p class=\"wp-block-paragraph\"><strong>Rua Santa Catarina<\/strong><\/p>\n\n\n\n<ul class=\"wp-block-list\">\n<li><strong>10h30:<\/strong> DJ Zaidan<\/li>\n\n\n\n<li><strong>12h:<\/strong> Banda Oldschool \u2013 cl\u00e1ssicos do rock<\/li>\n\n\n\n<li><strong>13h30:<\/strong> DJ Tilulu<\/li>\n\n\n\n<li><strong>14h30:<\/strong> A Firma \u2013 samba e pagode<\/li>\n\n\n\n<li><strong>17h:<\/strong> Encerramento<\/li>\n<\/ul>\n\n\n\n<h3 class=\"wp-block-heading\">Servi\u00e7o<\/h3>\n\n\n\n<p class=\"wp-block-paragraph\"><strong>Evento:<\/strong> Festa de 97 anos do Mercado Central de Belo Horizonte<br><strong>Data:<\/strong> 7 de setembro de 2026<br><strong>Hor\u00e1rio:<\/strong> das 9h \u00e0s 17h<br><strong>Local:<\/strong> entorno do Mercado Central, entre a avenida Augusto de Lima e a rua Santa Catarina<br><strong>Entrada:<\/strong> gratuita, mediante retirada antecipada de ingresso<br><strong>Ingressos:<\/strong> <a href=\"https:\/\/www.ingresse.com\/aniversario-mercado-central-97-anos\/\" target=\"_blank\" rel=\"noopener\">plataforma Ingresse<\/a><br><strong>Funcionamento das lojas:<\/strong> das 8h \u00e0s 13h<br><strong>Missa solene:<\/strong> 6 de setembro, \u00e0s 7h, na Capela Nossa Senhora de F\u00e1tima, dentro do Mercado Central<\/p>\n","protected":false},"excerpt":{"rendered":"<p>O Mercado Central de Belo Horizonte completa 97 anos no pr\u00f3ximo domingo (7), feriado de 7 de Setembro, e vai celebrar a data com uma programa\u00e7\u00e3o gratuita no entorno do espa\u00e7o. A festa ter\u00e1 shows em dois palcos, atra\u00e7\u00f5es para crian\u00e7as, op\u00e7\u00f5es gastron\u00f4micas e a distribui\u00e7\u00e3o de 6 mil brownies ao p\u00fablico. O evento ser\u00e1 [&hellip;]<\/p>\n","protected":false},"author":3,"featured_media":8574,"comment_status":"closed","ping_status":"open","sticky":false,"template":"","format":"standard","meta":{"_acf_changed":false,"footnotes":""},"categories":[1,11],"tags":[],"class_list":["post-8573","post","type-post","status-publish","format-standard","has-post-thumbnail","hentry","category-geral","category-cidades"],"acf":{"subtitulo":"Comemora\u00e7\u00e3o ser\u00e1 realizada no entorno do Mercado Central, das 9h \u00e0s 17h, com dois palcos e atra\u00e7\u00f5es para toda a fam\u00edlia","oculta_home":false,"leitura_rapida":""},"_links":{"self":[{"href":"https:\/\/diariodocomercio.com.br\/geral\/wp-json\/wp\/v2\/posts\/8573","targetHints":{"allow":["GET"]}}],"collection":[{"href":"https:\/\/diariodocomercio.com.br\/geral\/wp-json\/wp\/v2\/posts"}],"about":[{"href":"https:\/\/diariodocomercio.com.br\/geral\/wp-json\/wp\/v2\/types\/post"}],"author":[{"embeddable":true,"href":"https:\/\/diariodocomercio.com.br\/geral\/wp-json\/wp\/v2\/users\/3"}],"replies":[{"embeddable":true,"href":"https:\/\/diariodocomercio.com.br\/geral\/wp-json\/wp\/v2\/comments?post=8573"}],"version-history":[{"count":1,"href":"https:\/\/diariodocomercio.com.br\/geral\/wp-json\/wp\/v2\/posts\/8573\/revisions"}],"predecessor-version":[{"id":8575,"href":"https:\/\/diariodocomercio.com.br\/geral\/wp-json\/wp\/v2\/posts\/8573\/revisions\/8575"}],"wp:featuredmedia":[{"embeddable":true,"href":"https:\/\/diariodocomercio.com.br\/geral\/wp-json\/wp\/v2\/media\/8574"}],"wp:attachment":[{"href":"https:\/\/diariodocomercio.com.br\/geral\/wp-json\/wp\/v2\/media?parent=8573"}],"wp:term":[{"taxonomy":"category","embeddable":true,"href":"https:\/\/diariodocomercio.com.br\/geral\/wp-json\/wp\/v2\/categories?post=8573"},{"taxonomy":"post_tag","embeddable":true,"href":"https:\/\/diariodocomercio.com.br\/geral\/wp-json\/wp\/v2\/tags?post=8573"}],"curies":[{"name":"wp","href":"https:\/\/api.w.org\/{rel}","templated":true}]}}