{"id":8576,"date":"2026-09-04T20:14:02","date_gmt":"2026-09-04T23:14:02","guid":{"rendered":"https:\/\/diariodocomercio.com.br\/geral\/?p=8576"},"modified":"2026-09-04T20:14:04","modified_gmt":"2026-09-04T23:14:04","slug":"bela-vista-de-minas-desabamento-de-rochas","status":"publish","type":"post","link":"https:\/\/diariodocomercio.com.br\/geral\/bela-vista-de-minas-desabamento-de-rochas\/","title":{"rendered":"Moradores de cidade mineira precisam deixar suas casas ap\u00f3s quedas de rochas"},"content":{"rendered":"\n<p class=\"wp-block-paragraph\">Moradores de quatro im\u00f3veis na Rua Itabira, em Bela Vista de Minas, na Regi\u00e3o Central do estado, foram orientados a deixar temporariamente suas casas ap\u00f3s um desabamento de rochas registrado na tarde desta quinta-feira (3). A Defesa Civil isolou a \u00e1rea e acionou o Corpo de Bombeiros para avaliar as condi\u00e7\u00f5es do local, que apresentava grande volume de material rochoso pr\u00f3ximo \u00e0s resid\u00eancias. At\u00e9 ent\u00e3o, n\u00e3o h\u00e1 registros de feridos.<\/p>\n\n\n\n<p class=\"wp-block-paragraph\">Para verificar pontos de dif\u00edcil acesso na \u00e1rea montanhosa, o Corpo de Bombeiros utilizou um drone, que identificou novas forma\u00e7\u00f5es rochosas fraturadas e com risco de desprendimento. Diante disso, o per\u00edmetro de isolamento foi ampliado e os quatro im\u00f3veis foram evacuados temporariamente.<\/p>\n\n\n\n<h2 class=\"wp-block-heading\"><strong>Escola tamb\u00e9m suspende aulas por conta do desabamento de rochas<\/strong><\/h2>\n\n\n\n<p class=\"wp-block-paragraph\">As aulas na Escola Estadual Padre Oswaldo tamb\u00e9m foram suspensas preventivamente em raz\u00e3o da proximidade da unidade com a \u00e1rea do desabamento de rochas, segundo a Secretaria de Estado de Educa\u00e7\u00e3o de Minas Gerais. A previs\u00e3o de retomada das atividades deve ser divulgada na pr\u00f3xima semana.<\/p>\n\n\n\n<p class=\"wp-block-paragraph\">A <a href=\"https:\/\/www.belavistademinas.mg.gov.br\/\" target=\"_blank\" rel=\"noopener\">Prefeitura de Bela Vista de Minas<\/a> informou que iniciou procedimentos t\u00e9cnicos e administrativos para analisar o problema e solicitou uma avalia\u00e7\u00e3o de engenharia para definir as medidas necess\u00e1rias e garantir a seguran\u00e7a dos moradores.<\/p>\n","protected":false},"excerpt":{"rendered":"<p>Moradores de quatro im\u00f3veis na Rua Itabira, em Bela Vista de Minas, na Regi\u00e3o Central do estado, foram orientados a deixar temporariamente suas casas ap\u00f3s um desabamento de rochas registrado na tarde desta quinta-feira (3). A Defesa Civil isolou a \u00e1rea e acionou o Corpo de Bombeiros para avaliar as condi\u00e7\u00f5es do local, que apresentava [&hellip;]<\/p>\n","protected":false},"author":3,"featured_media":8577,"comment_status":"closed","ping_status":"open","sticky":false,"template":"","format":"standard","meta":{"_acf_changed":false,"footnotes":""},"categories":[1,13],"tags":[],"class_list":["post-8576","post","type-post","status-publish","format-standard","has-post-thumbnail","hentry","category-geral","category-regional"],"acf":{"subtitulo":"Drone identificou novas forma\u00e7\u00f5es fraturadas com risco de desprendimento e escola suspende aulas preventivamente","oculta_home":false,"leitura_rapida":""},"_links":{"self":[{"href":"https:\/\/diariodocomercio.com.br\/geral\/wp-json\/wp\/v2\/posts\/8576","targetHints":{"allow":["GET"]}}],"collection":[{"href":"https:\/\/diariodocomercio.com.br\/geral\/wp-json\/wp\/v2\/posts"}],"about":[{"href":"https:\/\/diariodocomercio.com.br\/geral\/wp-json\/wp\/v2\/types\/post"}],"author":[{"embeddable":true,"href":"https:\/\/diariodocomercio.com.br\/geral\/wp-json\/wp\/v2\/users\/3"}],"replies":[{"embeddable":true,"href":"https:\/\/diariodocomercio.com.br\/geral\/wp-json\/wp\/v2\/comments?post=8576"}],"version-history":[{"count":1,"href":"https:\/\/diariodocomercio.com.br\/geral\/wp-json\/wp\/v2\/posts\/8576\/revisions"}],"predecessor-version":[{"id":8578,"href":"https:\/\/diariodocomercio.com.br\/geral\/wp-json\/wp\/v2\/posts\/8576\/revisions\/8578"}],"wp:featuredmedia":[{"embeddable":true,"href":"https:\/\/diariodocomercio.com.br\/geral\/wp-json\/wp\/v2\/media\/8577"}],"wp:attachment":[{"href":"https:\/\/diariodocomercio.com.br\/geral\/wp-json\/wp\/v2\/media?parent=8576"}],"wp:term":[{"taxonomy":"category","embeddable":true,"href":"https:\/\/diariodocomercio.com.br\/geral\/wp-json\/wp\/v2\/categories?post=8576"},{"taxonomy":"post_tag","embeddable":true,"href":"https:\/\/diariodocomercio.com.br\/geral\/wp-json\/wp\/v2\/tags?post=8576"}],"curies":[{"name":"wp","href":"https:\/\/api.w.org\/{rel}","templated":true}]}}