{"id":8579,"date":"2026-09-04T20:57:34","date_gmt":"2026-09-04T23:57:34","guid":{"rendered":"https:\/\/diariodocomercio.com.br\/geral\/?p=8579"},"modified":"2026-09-04T20:57:35","modified_gmt":"2026-09-04T23:57:35","slug":"agencia-de-modelos-golpe-estelionato-juiz-de-fora","status":"publish","type":"post","link":"https:\/\/diariodocomercio.com.br\/geral\/agencia-de-modelos-golpe-estelionato-juiz-de-fora\/","title":{"rendered":"Grupo de ag\u00eancia de modelos \u00e9 preso em Juiz de Fora por suspeita de estelionato"},"content":{"rendered":"\n<p class=\"wp-block-paragraph\">Um grupo suspeito de aplicar golpes por meio de uma falsa ag\u00eancia de modelos foi preso em Juiz de Fora, na Zona da Mata mineira, na tarde de quarta-feira (2). A Pol\u00edcia Militar foi acionada depois que uma das v\u00edtimas desconfiou da abordagem. Segundo a <a href=\"https:\/\/www.seguranca.mg.gov.br\/\" target=\"_blank\" rel=\"noopener\">Secretaria de Estado de Justi\u00e7a e Seguran\u00e7a P\u00fablica<\/a> (Sejusp), 12 pessoas foram detidas em flagrante, e 18 poss\u00edveis v\u00edtimas foram identificadas, sendo que cinco teriam efetivamente sofrido o golpe.<\/p>\n\n\n\n<p class=\"wp-block-paragraph\">Entre os presos est\u00e3o Marlon de Andrade Lima e Jo\u00e3o Vitor Silva Martins, apontados como respons\u00e1veis pelas empresas investigadas. De acordo com a Sejusp, cinco suspeitos deram entrada no sistema prisional do Ceresp de Juiz de Fora.<\/p>\n\n\n\n<h2 class=\"wp-block-heading\"><strong>Como funcionava o golpe da falsa ag\u00eancia de modelos<\/strong><\/h2>\n\n\n\n<p class=\"wp-block-paragraph\">Segundo o registro policial, as v\u00edtimas \u2014 a maioria identificada como mulheres acima de 50 anos \u2014- eram inicialmente abordadas pelo celular. Os suspeitos utilizavam um n\u00famero com DDD de S\u00e3o Paulo e afirmavam ter encontrado os perfis das mulheres nas redes sociais, indicando que elas teriam potencial para participar de campanhas publicit\u00e1rias.<\/p>\n\n\n\n<p class=\"wp-block-paragraph\">Na sequ\u00eancia, elas eram convidadas para uma suposta seletiva presencial. Os encontros aconteciam em salas comerciais alugadas na rua S\u00e3o Mateus, onde havia uma estrutura organizada para transmitir a apar\u00eancia de uma ag\u00eancia de modelos profissional.<\/p>\n\n\n\n<p class=\"wp-block-paragraph\">Durante o atendimento, as v\u00edtimas preenchiam cadastros, faziam fotografias e passavam por uma entrevista individual. Segundo a investiga\u00e7\u00e3o, um dos homens envolvidos utilizava um nome falso durante a abordagem.<\/p>\n\n\n\n<h2 class=\"wp-block-heading\"><strong>V\u00edtimas eram atra\u00eddas com promessa de cach\u00eas<\/strong><\/h2>\n\n\n\n<p class=\"wp-block-paragraph\">A principal promessa feita pelo grupo era a possibilidade de receber cach\u00eas de at\u00e9 R$ 9 mil. O recebimento, segundo os suspeitos, poderia ocorrer no mesmo dia da contrata\u00e7\u00e3o.<\/p>\n\n\n\n<p class=\"wp-block-paragraph\">Para ter acesso \u00e0 suposta oportunidade, entretanto, as interessadas precisavam pagar uma taxa referente a servi\u00e7os como assessoria de imagem ou produ\u00e7\u00e3o, com valores que variavam entre R$ 4,2 mil e R$ 9 mil.<\/p>\n\n\n\n<p class=\"wp-block-paragraph\">A investiga\u00e7\u00e3o aponta que, em alguns casos, a abordagem se tornava mais agressiva quando as v\u00edtimas informavam que n\u00e3o tinham dinheiro ou limite dispon\u00edvel no cart\u00e3o. Conforme o boletim de ocorr\u00eancia, os suspeitos chegaram a acessar aplicativos banc\u00e1rios nos celulares das mulheres e h\u00e1 at\u00e9 mesmo casos de empr\u00e9stimos para providenciar os pagamentos.<\/p>\n\n\n\n<h2 class=\"wp-block-heading\"><strong>Pol\u00edcia encontrou R$ 17,3 mil em transa\u00e7\u00f5es<\/strong><\/h2>\n\n\n\n<p class=\"wp-block-paragraph\">Durante a ocorr\u00eancia, a pol\u00edcia identificou R$ 17,3 mil em quatro transa\u00e7\u00f5es eletr\u00f4nicas realizadas por meio de m\u00e1quinas de cart\u00e3o utilizadas pelo grupo.<\/p>\n\n\n\n<p class=\"wp-block-paragraph\">Outro elemento que chamou a aten\u00e7\u00e3o foi a diverg\u00eancia entre os benefici\u00e1rios registrados nos comprovantes de pagamento e os nomes que apareciam nos contratos apresentados \u00e0s v\u00edtimas. A Pol\u00edcia Civil ficar\u00e1 respons\u00e1vel pelo prosseguimento das investiga\u00e7\u00f5es.<\/p>\n","protected":false},"excerpt":{"rendered":"<p>Um grupo suspeito de aplicar golpes por meio de uma falsa ag\u00eancia de modelos foi preso em Juiz de Fora, na Zona da Mata mineira, na tarde de quarta-feira (2). A Pol\u00edcia Militar foi acionada depois que uma das v\u00edtimas desconfiou da abordagem. Segundo a Secretaria de Estado de Justi\u00e7a e Seguran\u00e7a P\u00fablica (Sejusp), 12 [&hellip;]<\/p>\n","protected":false},"author":3,"featured_media":8580,"comment_status":"closed","ping_status":"open","sticky":false,"template":"","format":"standard","meta":{"_acf_changed":false,"footnotes":""},"categories":[1,11],"tags":[],"class_list":["post-8579","post","type-post","status-publish","format-standard","has-post-thumbnail","hentry","category-geral","category-cidades"],"acf":{"subtitulo":"Suspeitos cobravam das v\u00edtimas taxas de at\u00e9 R$ 9 mil para fechar contratos; 18 v\u00edtimas foram identificadas e 12, detidas","oculta_home":false,"leitura_rapida":""},"_links":{"self":[{"href":"https:\/\/diariodocomercio.com.br\/geral\/wp-json\/wp\/v2\/posts\/8579","targetHints":{"allow":["GET"]}}],"collection":[{"href":"https:\/\/diariodocomercio.com.br\/geral\/wp-json\/wp\/v2\/posts"}],"about":[{"href":"https:\/\/diariodocomercio.com.br\/geral\/wp-json\/wp\/v2\/types\/post"}],"author":[{"embeddable":true,"href":"https:\/\/diariodocomercio.com.br\/geral\/wp-json\/wp\/v2\/users\/3"}],"replies":[{"embeddable":true,"href":"https:\/\/diariodocomercio.com.br\/geral\/wp-json\/wp\/v2\/comments?post=8579"}],"version-history":[{"count":1,"href":"https:\/\/diariodocomercio.com.br\/geral\/wp-json\/wp\/v2\/posts\/8579\/revisions"}],"predecessor-version":[{"id":8581,"href":"https:\/\/diariodocomercio.com.br\/geral\/wp-json\/wp\/v2\/posts\/8579\/revisions\/8581"}],"wp:featuredmedia":[{"embeddable":true,"href":"https:\/\/diariodocomercio.com.br\/geral\/wp-json\/wp\/v2\/media\/8580"}],"wp:attachment":[{"href":"https:\/\/diariodocomercio.com.br\/geral\/wp-json\/wp\/v2\/media?parent=8579"}],"wp:term":[{"taxonomy":"category","embeddable":true,"href":"https:\/\/diariodocomercio.com.br\/geral\/wp-json\/wp\/v2\/categories?post=8579"},{"taxonomy":"post_tag","embeddable":true,"href":"https:\/\/diariodocomercio.com.br\/geral\/wp-json\/wp\/v2\/tags?post=8579"}],"curies":[{"name":"wp","href":"https:\/\/api.w.org\/{rel}","templated":true}]}}