{"id":11183,"date":"2025-06-27T15:19:00","date_gmt":"2025-06-27T18:19:00","guid":{"rendered":"https:\/\/diariodocomercio.com.br\/mix\/?p=11183"},"modified":"2025-06-27T14:53:09","modified_gmt":"2025-06-27T17:53:09","slug":"professores-passam-a-ser-avaliados-por-alunos-e-podem-ser-demitidos-no-brasil","status":"publish","type":"post","link":"https:\/\/diariodocomercio.com.br\/mix\/professores-passam-a-ser-avaliados-por-alunos-e-podem-ser-demitidos-no-brasil\/","title":{"rendered":"Professores passam a ser avaliados por alunos e podem ser demitidos no Brasil"},"content":{"rendered":"\n<p>Desde 26 de maio de 2025, professores da<strong> rede estadual paulista, <\/strong>efetivos e n\u00e3o efetivos, das escolas de tempo parcial passar\u00e3o a ser avaliados por estudantes e membros da gest\u00e3o escolar. A medida amplia um processo que j\u00e1 acontece nas unidades de ensino integral e agora ser\u00e1 estendido a todas as escolas da rede.<\/p>\n\n\n\n<p>A iniciativa, segundo a <strong>Secretaria da Educa\u00e7\u00e3o do Estado de S\u00e3o Paulo <\/strong>(Seduc), tem como objetivo oferecer mais uma ferramenta de gest\u00e3o \u00e0s escolas e, assim, qualificar aspectos importantes das rotinas educativas, tais como metodologia, gest\u00e3o da sala de aula, comunica\u00e7\u00e3o e lideran\u00e7a. Al\u00e9m dos docentes, tamb\u00e9m ser\u00e3o avaliados diretores, vice-diretores e respons\u00e1veis pela gest\u00e3o pedag\u00f3gica.<\/p>\n\n\n\n<p><strong>O sistema de avalia\u00e7\u00e3o ser\u00e1 semestral. <\/strong>No primeiro semestre, ser\u00e1 aplicada uma avalia\u00e7\u00e3o diagn\u00f3stica, com foco na identifica\u00e7\u00e3o de pontos fortes e \u00e1reas que precisam de melhorias. J\u00e1 no segundo semestre, ser\u00e1 feita a avalia\u00e7\u00e3o final de desempenho, que servir\u00e1 como crit\u00e9rio para a perman\u00eancia dos profissionais em seus cargos.<\/p>\n\n\n\n<p>Entre os crit\u00e9rios avaliados, os professores ser\u00e3o analisados com base na <strong>din\u00e2mica de sala de aula <\/strong>e nas <strong>metodologias aplicadas<\/strong>. Para o trio gestor, ser\u00e3o considerados aspectos como comunica\u00e7\u00e3o, apoio aos docentes e engajamento.<\/p>\n\n\n\n<p>J\u00e1 os diretores ser\u00e3o avaliados pela lideran\u00e7a, compromisso com a aprendizagem e os indicadores de desempenho dos estudantes.<\/p>\n\n\n\n<p>A proposta prev\u00ea a aplica\u00e7\u00e3o de um question\u00e1rio padronizado, elaborado pela Seduc, que ser\u00e1 utilizado pelas escolas para colher as percep\u00e7\u00f5es dos diferentes grupos. Os alunos ir\u00e3o opinar sobre o desempenho dos professores e da equipe gestora.<\/p>\n\n\n\n<p>Os professores, por sua vez, avaliar\u00e3o a gest\u00e3o, enquanto esta tamb\u00e9m ir\u00e1 avaliar tanto os docentes quanto os diretores.<\/p>\n\n\n\n<h2 class=\"wp-block-heading\">Indicadores e resultados<\/h2>\n\n\n\n<p>Os dados coletados ser\u00e3o compilados em um<strong> \u201cpainel de resultados\u201d<\/strong>. Nele, al\u00e9m das avalia\u00e7\u00f5es feitas por alunos e gestores, ser\u00e3o inclu\u00eddos outros indicadores, como a taxa de presen\u00e7a do professor, o preenchimento do di\u00e1rio de classe, o cumprimento de metas relacionadas ao b\u00f4nus em 2024, a participa\u00e7\u00e3o no Programa Multiplica e a categoria funcional do docente.<\/p>\n\n\n\n<p>Com base nesses dados, ser\u00e1 aplicado um sistema de sinaliza\u00e7\u00e3o com as cores verde, amarela e vermelha \u2014 o chamado \u201cfarol\u201d \u2014 para orientar a elabora\u00e7\u00e3o do relat\u00f3rio final de desempenho. A orienta\u00e7\u00e3o da Seduc \u00e9 que os diretores realizem reuni\u00f5es individuais com os professores para repassar os resultados.&nbsp;<\/p>\n","protected":false},"excerpt":{"rendered":"<p>Avalia\u00e7\u00e3o j\u00e1 est\u00e1 em curso. Metodologia foi explicada.<\/p>\n","protected":false},"author":12,"featured_media":11184,"comment_status":"closed","ping_status":"closed","sticky":false,"template":"","format":"standard","meta":{"jnews-multi-image_gallery":[],"jnews_single_post":{"format":"standard"},"jnews_primary_category":[],"jnews_social_meta":[],"jnews_override_counter":[],"jnews_post_split":[],"footnotes":""},"categories":[1],"tags":[],"class_list":["post-11183","post","type-post","status-publish","format-standard","has-post-thumbnail","hentry","category-geral"],"_referencia":"","_links":{"self":[{"href":"https:\/\/diariodocomercio.com.br\/mix\/wp-json\/wp\/v2\/posts\/11183","targetHints":{"allow":["GET"]}}],"collection":[{"href":"https:\/\/diariodocomercio.com.br\/mix\/wp-json\/wp\/v2\/posts"}],"about":[{"href":"https:\/\/diariodocomercio.com.br\/mix\/wp-json\/wp\/v2\/types\/post"}],"author":[{"embeddable":true,"href":"https:\/\/diariodocomercio.com.br\/mix\/wp-json\/wp\/v2\/users\/12"}],"replies":[{"embeddable":true,"href":"https:\/\/diariodocomercio.com.br\/mix\/wp-json\/wp\/v2\/comments?post=11183"}],"version-history":[{"count":1,"href":"https:\/\/diariodocomercio.com.br\/mix\/wp-json\/wp\/v2\/posts\/11183\/revisions"}],"predecessor-version":[{"id":11185,"href":"https:\/\/diariodocomercio.com.br\/mix\/wp-json\/wp\/v2\/posts\/11183\/revisions\/11185"}],"wp:featuredmedia":[{"embeddable":true,"href":"https:\/\/diariodocomercio.com.br\/mix\/wp-json\/wp\/v2\/media\/11184"}],"wp:attachment":[{"href":"https:\/\/diariodocomercio.com.br\/mix\/wp-json\/wp\/v2\/media?parent=11183"}],"wp:term":[{"taxonomy":"category","embeddable":true,"href":"https:\/\/diariodocomercio.com.br\/mix\/wp-json\/wp\/v2\/categories?post=11183"},{"taxonomy":"post_tag","embeddable":true,"href":"https:\/\/diariodocomercio.com.br\/mix\/wp-json\/wp\/v2\/tags?post=11183"}],"curies":[{"name":"wp","href":"https:\/\/api.w.org\/{rel}","templated":true}]}}