{"id":11196,"date":"2025-06-27T16:36:06","date_gmt":"2025-06-27T19:36:06","guid":{"rendered":"https:\/\/diariodocomercio.com.br\/mix\/?p=11196"},"modified":"2025-06-27T16:36:08","modified_gmt":"2025-06-27T19:36:08","slug":"municipio-brasileiro-e-eleito-o-pior-do-mundo-para-visitar","status":"publish","type":"post","link":"https:\/\/diariodocomercio.com.br\/mix\/municipio-brasileiro-e-eleito-o-pior-do-mundo-para-visitar\/","title":{"rendered":"Munic\u00edpio brasileiro \u00e9 eleito o PIOR do MUNDO para visitar"},"content":{"rendered":"\n<p>Uma pesquisa realizada por uma\u00a0empresa de turismo da Ucr\u00e2nia\u00a0causou surpresa ao colocar o\u00a0Rio de Janeiro\u00a0\u2014 um dos destinos mais famosos do Brasil \u2014 na\u00a0\u00faltima posi\u00e7\u00e3o\u00a0entre os piores lugares do mundo para visitar. O levantamento, divulgado pelo\u00a0portal Correio de Minas, analisou dados de viajantes sobre diversas cidades globais e considerou aspectos como\u00a0infraestrutura, seguran\u00e7a, receptividade e custo-benef\u00edcio.<\/p>\n\n\n\n<p>Apesar de suas reconhecidas belezas naturais, como o&nbsp;<strong>Cristo Redentor<\/strong>,&nbsp;<strong>P\u00e3o de A\u00e7\u00facar<\/strong>&nbsp;e&nbsp;<strong>praias ic\u00f4nicas<\/strong>, o Rio ficou marcado por cr\u00edticas quanto \u00e0:<\/p>\n\n\n\n<ul class=\"wp-block-list\">\n<li><strong>Sensa\u00e7\u00e3o constante de inseguran\u00e7a nas ruas<\/strong><\/li>\n\n\n\n<li><strong>Altos pre\u00e7os em hospedagens e servi\u00e7os tur\u00edsticos<\/strong><\/li>\n\n\n\n<li><strong>Experi\u00eancias negativas com mobilidade e atendimento<\/strong><\/li>\n\n\n\n<li><strong>Baixo \u00edndice de turistas que demonstrariam vontade de voltar<\/strong><\/li>\n<\/ul>\n\n\n\n<h2 class=\"wp-block-heading\">O estudo da empresa ucraniana<\/h2>\n\n\n\n<p>A an\u00e1lise partiu de uma ag\u00eancia especializada da\u00a0Ucr\u00e2nia, que levou em considera\u00e7\u00e3o as\u00a0experi\u00eancias reais de viajantes internacionais. Entre os crit\u00e9rios usados estavam:<\/p>\n\n\n\n<ul class=\"wp-block-list\">\n<li>Facilidade de encontrar boas acomoda\u00e7\u00f5es<\/li>\n\n\n\n<li>Acolhimento \u00e0 diversidade cultural e social<\/li>\n\n\n\n<li>Qualidade dos servi\u00e7os p\u00fablicos e privados<\/li>\n\n\n\n<li>Seguran\u00e7a nas \u00e1reas tur\u00edsticas<\/li>\n\n\n\n<li>\u00cdndice de recomenda\u00e7\u00e3o e inten\u00e7\u00e3o de retorno<\/li>\n<\/ul>\n\n\n\n<p>O\u00a0Rio de Janeiro\u00a0apareceu ao lado de\u00a0cidades indianas\u00a0entre os destinos menos recomendados do planeta.<\/p>\n\n\n\n<p>A coloca\u00e7\u00e3o do Rio como pior destino n\u00e3o representa apenas uma\u00a0cr\u00edtica isolada, mas acende um alerta sobre a\u00a0necessidade de investimento em seguran\u00e7a, infraestrutura e pol\u00edticas de hospitalidade\u00a0voltadas ao turismo internacional.<\/p>\n\n\n\n<h2 class=\"wp-block-heading\">Toronto foi o melhor destino do ranking<\/h2>\n\n\n\n<p>Na contram\u00e3o da cidade brasileira,&nbsp;<strong>Toronto (Canad\u00e1)<\/strong>&nbsp;liderou a lista como&nbsp;<strong>melhor destino tur\u00edstico do mundo<\/strong>, destacando-se por:<\/p>\n\n\n\n<ul class=\"wp-block-list\">\n<li><strong>Altos \u00edndices de seguran\u00e7a p\u00fablica<\/strong><\/li>\n\n\n\n<li><strong>Limpeza urbana e organiza\u00e7\u00e3o<\/strong><\/li>\n\n\n\n<li><strong>Hospitalidade local<\/strong><\/li>\n\n\n\n<li><strong>Boa infraestrutura de transporte e lazer<\/strong><\/li>\n\n\n\n<li><strong>Facilidade na comunica\u00e7\u00e3o com turistas estrangeiros<\/strong>, j\u00e1 que o ingl\u00eas \u00e9 a l\u00edngua oficial<\/li>\n<\/ul>\n\n\n\n<p>Segundo a pesquisa, cidades com\u00a0boa acessibilidade,\u00a0planejamento urbano eficiente\u00a0e que oferecem\u00a0sensa\u00e7\u00e3o de bem-estar\u00a0tendem a ser mais bem avaliadas.<\/p>\n","protected":false},"excerpt":{"rendered":"<p>Uma pesquisa realizada por uma\u00a0empresa de turismo da Ucr\u00e2nia\u00a0causou surpresa ao colocar o\u00a0Rio de Janeiro\u00a0\u2014 um dos destinos mais famosos do Brasil \u2014 na\u00a0\u00faltima posi\u00e7\u00e3o\u00a0entre os piores lugares do mundo para visitar. O levantamento, divulgado pelo\u00a0portal Correio de Minas, analisou dados de viajantes sobre diversas cidades globais e considerou aspectos como\u00a0infraestrutura, seguran\u00e7a, receptividade e custo-benef\u00edcio. [&hellip;]<\/p>\n","protected":false},"author":9,"featured_media":11168,"comment_status":"closed","ping_status":"closed","sticky":false,"template":"","format":"standard","meta":{"jnews-multi-image_gallery":[],"jnews_single_post":{"format":"standard"},"jnews_primary_category":[],"jnews_social_meta":[],"jnews_override_counter":[],"jnews_post_split":[],"footnotes":""},"categories":[1],"tags":[],"class_list":["post-11196","post","type-post","status-publish","format-standard","has-post-thumbnail","hentry","category-geral"],"_referencia":"","_links":{"self":[{"href":"https:\/\/diariodocomercio.com.br\/mix\/wp-json\/wp\/v2\/posts\/11196","targetHints":{"allow":["GET"]}}],"collection":[{"href":"https:\/\/diariodocomercio.com.br\/mix\/wp-json\/wp\/v2\/posts"}],"about":[{"href":"https:\/\/diariodocomercio.com.br\/mix\/wp-json\/wp\/v2\/types\/post"}],"author":[{"embeddable":true,"href":"https:\/\/diariodocomercio.com.br\/mix\/wp-json\/wp\/v2\/users\/9"}],"replies":[{"embeddable":true,"href":"https:\/\/diariodocomercio.com.br\/mix\/wp-json\/wp\/v2\/comments?post=11196"}],"version-history":[{"count":1,"href":"https:\/\/diariodocomercio.com.br\/mix\/wp-json\/wp\/v2\/posts\/11196\/revisions"}],"predecessor-version":[{"id":11197,"href":"https:\/\/diariodocomercio.com.br\/mix\/wp-json\/wp\/v2\/posts\/11196\/revisions\/11197"}],"wp:featuredmedia":[{"embeddable":true,"href":"https:\/\/diariodocomercio.com.br\/mix\/wp-json\/wp\/v2\/media\/11168"}],"wp:attachment":[{"href":"https:\/\/diariodocomercio.com.br\/mix\/wp-json\/wp\/v2\/media?parent=11196"}],"wp:term":[{"taxonomy":"category","embeddable":true,"href":"https:\/\/diariodocomercio.com.br\/mix\/wp-json\/wp\/v2\/categories?post=11196"},{"taxonomy":"post_tag","embeddable":true,"href":"https:\/\/diariodocomercio.com.br\/mix\/wp-json\/wp\/v2\/tags?post=11196"}],"curies":[{"name":"wp","href":"https:\/\/api.w.org\/{rel}","templated":true}]}}