{"id":11710,"date":"2025-07-03T07:58:21","date_gmt":"2025-07-03T10:58:21","guid":{"rendered":"https:\/\/diariodocomercio.com.br\/mix\/?p=11710"},"modified":"2025-07-03T07:58:24","modified_gmt":"2025-07-03T10:58:24","slug":"havan-inicia-processo-seletivo-para-contratar-novos-funcionarios","status":"publish","type":"post","link":"https:\/\/diariodocomercio.com.br\/mix\/havan-inicia-processo-seletivo-para-contratar-novos-funcionarios\/","title":{"rendered":"Havan inicia processo seletivo para contratar novos funcion\u00e1rios"},"content":{"rendered":"\n<p>A Havan deu in\u00edcio ao processo seletivo para contrata\u00e7\u00e3o de novos funcion\u00e1rios nas cidades de Novo Hamburgo, Canoas e Taquara, no Rio Grande do Sul. A expans\u00e3o da varejista catarinense avan\u00e7a no estado, com previs\u00e3o de gera\u00e7\u00e3o de 150 a 200 empregos diretos por unidade.<\/p>\n\n\n\n<p>Em Novo Hamburgo, o projeto da loja, que vinha se desenrolando desde 2019, finalmente saiu do papel. O terreno ao lado do I Fashion Outlet, na BR-116 com a Rua Rinc\u00e3o, j\u00e1 passou por limpeza e prepara\u00e7\u00e3o, e a inaugura\u00e7\u00e3o est\u00e1 prevista para dezembro de 2025.<\/p>\n\n\n\n<p>J\u00e1 em Canoas, a obra da loja no bairro Marechal Rondon, na Rua Farroupilha, est\u00e1 em andamento desde abril e tem previs\u00e3o de abertura para 23 de agosto. O investimento \u00e9 de R$ 90 milh\u00f5es, com estimativa de 150 vagas diretas.<\/p>\n\n\n\n<p>No munic\u00edpio de Taquara, as negocia\u00e7\u00f5es para a aquisi\u00e7\u00e3o do terreno est\u00e3o em fase final, e a expectativa tamb\u00e9m \u00e9 de criar cerca de 150 empregos. O empres\u00e1rio Luciano Hang, dono da Havan, j\u00e1 visitou a cidade e avalia locais estrat\u00e9gicos, como \u00e1reas pr\u00f3ximas \u00e0 ERS-115 e ERS-239.<\/p>\n\n\n\n<h2 class=\"wp-block-heading\"><strong>Como se candidatar<\/strong><\/h2>\n\n\n\n<p>Os interessados nas vagas podem se inscrever diretamente pelo site oficial do processo seletivo, dispon\u00edvel nesse <a href=\"https:\/\/inauguracaohavan.gupy.io\/\" target=\"_blank\" rel=\"noopener\">link<\/a> e filtrar por cidades.<\/p>\n\n\n\n<p>As oportunidades s\u00e3o para diversos setores da loja, como atendimento, vendas, caixa, estoque e servi\u00e7os gerais. A empresa busca perfis com boa comunica\u00e7\u00e3o, disposi\u00e7\u00e3o para atendimento ao p\u00fablico e disponibilidade para trabalhar em regime de escala.<\/p>\n","protected":false},"excerpt":{"rendered":"<p>A Havan deu in\u00edcio ao processo seletivo para contrata\u00e7\u00e3o de novos funcion\u00e1rios nas cidades de Novo Hamburgo, Canoas e Taquara, no Rio Grande do Sul. A expans\u00e3o da varejista catarinense avan\u00e7a no estado, com previs\u00e3o de gera\u00e7\u00e3o de 150 a 200 empregos diretos por unidade. Em Novo Hamburgo, o projeto da loja, que vinha se [&hellip;]<\/p>\n","protected":false},"author":9,"featured_media":11711,"comment_status":"closed","ping_status":"closed","sticky":false,"template":"","format":"standard","meta":{"jnews-multi-image_gallery":[],"jnews_single_post":{"format":"standard"},"jnews_primary_category":[],"jnews_social_meta":[],"jnews_override_counter":[],"jnews_post_split":[],"footnotes":""},"categories":[1],"tags":[],"class_list":["post-11710","post","type-post","status-publish","format-standard","has-post-thumbnail","hentry","category-geral"],"_referencia":"","_links":{"self":[{"href":"https:\/\/diariodocomercio.com.br\/mix\/wp-json\/wp\/v2\/posts\/11710","targetHints":{"allow":["GET"]}}],"collection":[{"href":"https:\/\/diariodocomercio.com.br\/mix\/wp-json\/wp\/v2\/posts"}],"about":[{"href":"https:\/\/diariodocomercio.com.br\/mix\/wp-json\/wp\/v2\/types\/post"}],"author":[{"embeddable":true,"href":"https:\/\/diariodocomercio.com.br\/mix\/wp-json\/wp\/v2\/users\/9"}],"replies":[{"embeddable":true,"href":"https:\/\/diariodocomercio.com.br\/mix\/wp-json\/wp\/v2\/comments?post=11710"}],"version-history":[{"count":1,"href":"https:\/\/diariodocomercio.com.br\/mix\/wp-json\/wp\/v2\/posts\/11710\/revisions"}],"predecessor-version":[{"id":11712,"href":"https:\/\/diariodocomercio.com.br\/mix\/wp-json\/wp\/v2\/posts\/11710\/revisions\/11712"}],"wp:featuredmedia":[{"embeddable":true,"href":"https:\/\/diariodocomercio.com.br\/mix\/wp-json\/wp\/v2\/media\/11711"}],"wp:attachment":[{"href":"https:\/\/diariodocomercio.com.br\/mix\/wp-json\/wp\/v2\/media?parent=11710"}],"wp:term":[{"taxonomy":"category","embeddable":true,"href":"https:\/\/diariodocomercio.com.br\/mix\/wp-json\/wp\/v2\/categories?post=11710"},{"taxonomy":"post_tag","embeddable":true,"href":"https:\/\/diariodocomercio.com.br\/mix\/wp-json\/wp\/v2\/tags?post=11710"}],"curies":[{"name":"wp","href":"https:\/\/api.w.org\/{rel}","templated":true}]}}