{"id":11715,"date":"2025-07-03T08:37:52","date_gmt":"2025-07-03T11:37:52","guid":{"rendered":"https:\/\/diariodocomercio.com.br\/mix\/?p=11715"},"modified":"2025-07-03T08:37:55","modified_gmt":"2025-07-03T11:37:55","slug":"carnes-vao-baixar-de-preco-nos-supermercados-e-brasileiros-estao-pulando-de-alegria","status":"publish","type":"post","link":"https:\/\/diariodocomercio.com.br\/mix\/carnes-vao-baixar-de-preco-nos-supermercados-e-brasileiros-estao-pulando-de-alegria\/","title":{"rendered":"Carnes v\u00e3o baixar de pre\u00e7o nos supermercados e brasileiros est\u00e3o pulando de alegria"},"content":{"rendered":"\n<p>Os brasileiros ganharam um motivo para comemorar no in\u00edcio de julho: os pre\u00e7os dos alimentos, incluindo carnes, come\u00e7aram a cair nos supermercados. A informa\u00e7\u00e3o vem de um estudo da Fipe (Funda\u00e7\u00e3o Instituto de Pesquisas Econ\u00f4micas), divulgado nesta quarta-feira (2), que apontou a primeira defla\u00e7\u00e3o mensal nos alimentos em dez meses, aliviando o or\u00e7amento das fam\u00edlias ap\u00f3s meses de alta.<\/p>\n\n\n\n<p>Entre os destaques da queda est\u00e3o as carnes, com destaque para:<\/p>\n\n\n\n<ul class=\"wp-block-list\">\n<li><strong>Frango e pescado<\/strong>: recuo de 2%;<\/li>\n\n\n\n<li><strong>Carne su\u00edna<\/strong>: queda de 1%;<\/li>\n\n\n\n<li><strong>Carne bovina<\/strong>: redu\u00e7\u00e3o de 0,75%.<\/li>\n<\/ul>\n\n\n\n<p>A tend\u00eancia de queda est\u00e1 ligada ao aumento da oferta no campo, com boas safras e melhora nas condi\u00e7\u00f5es clim\u00e1ticas, o que tem contribu\u00eddo para baixar os pre\u00e7os no varejo.<\/p>\n\n\n\n<p>Outros alimentos essenciais na mesa do brasileiro tamb\u00e9m ficaram mais acess\u00edveis:<\/p>\n\n\n\n<ul class=\"wp-block-list\">\n<li><strong>Arroz<\/strong>: queda de 2,4% em junho e acumulado de 15% no ano;<\/li>\n\n\n\n<li><strong>Feij\u00e3o<\/strong>: recuo de 0,7% no m\u00eas;<\/li>\n\n\n\n<li><strong>Ovos<\/strong>: redu\u00e7\u00e3o de 6% ap\u00f3s meses de alta;<\/li>\n\n\n\n<li><strong>Leite<\/strong>: caiu 1,6% no varejo;<\/li>\n\n\n\n<li><strong>Batata, cebola e verduras<\/strong>: recuo m\u00e9dio de 4% nos produtos in natura.<\/li>\n<\/ul>\n\n\n\n<p>O <strong>\u00f3leo de soja<\/strong>, que vinha liderando as quedas no semestre com recuo acumulado de 11%, teve redu\u00e7\u00e3o menor em junho (0,9%), o que pode indicar uma estabilidade nos pr\u00f3ximos meses.<\/p>\n\n\n\n<p>Apesar da tend\u00eancia de al\u00edvio, o caf\u00e9 em p\u00f3 continua pressionando os pre\u00e7os. Mesmo com desacelera\u00e7\u00e3o na alta \u2014 2,47% em junho, contra m\u00e9dia de 7% nos meses anteriores \u2014, o consumidor ainda paga 86,5% a mais que h\u00e1 um ano. Com o avan\u00e7o da colheita, por\u00e9m, a expectativa \u00e9 de que os pre\u00e7os comecem a recuar.<\/p>\n\n\n\n<h2 class=\"wp-block-heading\"><strong>Infla\u00e7\u00e3o desacelera<\/strong><\/h2>\n\n\n\n<p>A defla\u00e7\u00e3o nos alimentos contribuiu para a desacelera\u00e7\u00e3o da infla\u00e7\u00e3o, segundo o IPCA-15, pr\u00e9via oficial medida pelo IBGE. Em junho, o \u00edndice foi de 0,26%, abaixo da expectativa do mercado. Nos \u00faltimos 12 meses, a infla\u00e7\u00e3o ficou em 5,27%, ainda acima da meta de 3% estipulada pelo Conselho Monet\u00e1rio Nacional, mas com vi\u00e9s de queda.<\/p>\n\n\n\n<p>Enquanto os produtos frescos e agr\u00edcolas est\u00e3o mais baratos, os industrializados continuam em alta, com eleva\u00e7\u00e3o de 0,82% em S\u00e3o Paulo. Derivados de leite, carnes processadas, panificados e massas ainda pressionam os pre\u00e7os.<\/p>\n\n\n\n<p>Com a continuidade da colheita e melhora da oferta agr\u00edcola, os alimentos devem seguir em queda no curto prazo, trazendo al\u00edvio para os consumidores. A expectativa \u00e9 de que isso ajude tamb\u00e9m a conter a infla\u00e7\u00e3o, com impacto direto no poder de compra das fam\u00edlias.<\/p>\n","protected":false},"excerpt":{"rendered":"<p>Os brasileiros ganharam um motivo para comemorar no in\u00edcio de julho: os pre\u00e7os dos alimentos, incluindo carnes, come\u00e7aram a cair nos supermercados. A informa\u00e7\u00e3o vem de um estudo da Fipe (Funda\u00e7\u00e3o Instituto de Pesquisas Econ\u00f4micas), divulgado nesta quarta-feira (2), que apontou a primeira defla\u00e7\u00e3o mensal nos alimentos em dez meses, aliviando o or\u00e7amento das fam\u00edlias [&hellip;]<\/p>\n","protected":false},"author":9,"featured_media":9242,"comment_status":"closed","ping_status":"closed","sticky":false,"template":"","format":"standard","meta":{"jnews-multi-image_gallery":[],"jnews_single_post":{"format":"standard"},"jnews_primary_category":[],"jnews_social_meta":[],"jnews_override_counter":[],"jnews_post_split":[],"footnotes":""},"categories":[1],"tags":[],"class_list":["post-11715","post","type-post","status-publish","format-standard","has-post-thumbnail","hentry","category-geral"],"_referencia":"","_links":{"self":[{"href":"https:\/\/diariodocomercio.com.br\/mix\/wp-json\/wp\/v2\/posts\/11715","targetHints":{"allow":["GET"]}}],"collection":[{"href":"https:\/\/diariodocomercio.com.br\/mix\/wp-json\/wp\/v2\/posts"}],"about":[{"href":"https:\/\/diariodocomercio.com.br\/mix\/wp-json\/wp\/v2\/types\/post"}],"author":[{"embeddable":true,"href":"https:\/\/diariodocomercio.com.br\/mix\/wp-json\/wp\/v2\/users\/9"}],"replies":[{"embeddable":true,"href":"https:\/\/diariodocomercio.com.br\/mix\/wp-json\/wp\/v2\/comments?post=11715"}],"version-history":[{"count":1,"href":"https:\/\/diariodocomercio.com.br\/mix\/wp-json\/wp\/v2\/posts\/11715\/revisions"}],"predecessor-version":[{"id":11716,"href":"https:\/\/diariodocomercio.com.br\/mix\/wp-json\/wp\/v2\/posts\/11715\/revisions\/11716"}],"wp:featuredmedia":[{"embeddable":true,"href":"https:\/\/diariodocomercio.com.br\/mix\/wp-json\/wp\/v2\/media\/9242"}],"wp:attachment":[{"href":"https:\/\/diariodocomercio.com.br\/mix\/wp-json\/wp\/v2\/media?parent=11715"}],"wp:term":[{"taxonomy":"category","embeddable":true,"href":"https:\/\/diariodocomercio.com.br\/mix\/wp-json\/wp\/v2\/categories?post=11715"},{"taxonomy":"post_tag","embeddable":true,"href":"https:\/\/diariodocomercio.com.br\/mix\/wp-json\/wp\/v2\/tags?post=11715"}],"curies":[{"name":"wp","href":"https:\/\/api.w.org\/{rel}","templated":true}]}}