{"id":11718,"date":"2025-07-03T09:21:32","date_gmt":"2025-07-03T12:21:32","guid":{"rendered":"https:\/\/diariodocomercio.com.br\/mix\/?p=11718"},"modified":"2025-07-03T09:23:44","modified_gmt":"2025-07-03T12:23:44","slug":"inss-aumenta-salario-de-idosos-com-adicao-de-superbeneficio","status":"publish","type":"post","link":"https:\/\/diariodocomercio.com.br\/mix\/inss-aumenta-salario-de-idosos-com-adicao-de-superbeneficio\/","title":{"rendered":"INSS aumenta sal\u00e1rio de idosos com adi\u00e7\u00e3o de superbenef\u00edcio"},"content":{"rendered":"\n<p>A <strong>antecipa\u00e7\u00e3o do 13\u00ba sal\u00e1rio para aposentados e pensionistas<\/strong> do Instituto Nacional do Seguro Social (INSS) injeta R$ 73,3 bilh\u00f5es na economia brasileira em 2025. Esse valor \u00e9 direcionado a cerca de 34,2 milh\u00f5es de benefici\u00e1rios, incluindo aqueles que recebem aux\u00edlio-doen\u00e7a e aux\u00edlio-acidente.&nbsp;<\/p>\n\n\n\n<p>O pagamento antecipado do 13\u00ba sal\u00e1rio foi efetuado em duas parcelas, seguindo um cronograma estabelecido pelo INSS. Veja o <strong>calend\u00e1rio da antecipa\u00e7\u00e3o do 13\u00b0 sal\u00e1rio <\/strong>do INSS 2025:<\/p>\n\n\n\n<p><strong>Para quem recebe at\u00e9 1 sal\u00e1rio m\u00ednimo:<\/strong><\/p>\n\n\n\n<ul class=\"wp-block-list\">\n<li>Final do NIS: 1 &#8211; pagamentos em 24\/4 e 25\/5<\/li>\n\n\n\n<li>Final do NIS: 2 &#8211; pagamentos em 25\/4 e 27\/5<\/li>\n\n\n\n<li>Final do NIS: 3 &#8211; pagamentos em 26\/4 e 28\/5<\/li>\n\n\n\n<li>Final do NIS: 4 &#8211; pagamentos em 29\/4 e 29\/5<\/li>\n\n\n\n<li>Final do NIS: 5 &#8211; pagamentos em 30\/4 e 31\/5<\/li>\n\n\n\n<li>Final do NIS: 6 &#8211; pagamentos em 2\/5 e 3\/6<\/li>\n\n\n\n<li>Final do NIS: 7 &#8211; pagamentos em 3\/5 e 4\/6<\/li>\n\n\n\n<li>Final do NIS: 8 &#8211; pagamentos em 6\/5 e 5\/6<\/li>\n\n\n\n<li>Final do NIS: 9 &#8211; pagamentos em 7\/5 e 6\/6<\/li>\n\n\n\n<li>Final do NIS: 0 &#8211; pagamentos em 8\/5 e 7\/6<\/li>\n<\/ul>\n\n\n\n<p><strong>Para quem recebe mais que 1 sal\u00e1rio m\u00ednimo:<\/strong><\/p>\n\n\n\n<ul class=\"wp-block-list\">\n<li>Final do NIS: 1 e 6 &#8211; pagamentos em 2\/5 e 3\/6<\/li>\n\n\n\n<li>Final do NIS: 2 e 7 &#8211; pagamentos em 3\/5 e 4\/6<\/li>\n\n\n\n<li>Final do NIS: 3 e 8 &#8211; pagamentos em 6\/5 e 5\/6<\/li>\n\n\n\n<li>Final do NIS: 4 e 9 &#8211; pagamentos em 7\/5 e 6\/6<\/li>\n\n\n\n<li>Final do NIS: 5 e 0 &#8211; pagamentos em 8\/5 e 7\/6<\/li>\n<\/ul>\n\n\n\n<h2 class=\"wp-block-heading\">Impacto econ\u00f4mico<\/h2>\n\n\n\n<p>Ao longo do ano, o 13\u00ba sal\u00e1rio injetar\u00e1 R$ 73,3 bilh\u00f5es na economia. Essa inje\u00e7\u00e3o representa um al\u00edvio financeiro crucial que sustenta o mercado interno. A maior concentra\u00e7\u00e3o ocorre na regi\u00e3o Sudeste, com distribui\u00e7\u00e3o significativa tamb\u00e9m no Sul, Nordeste, Centro-Oeste e Norte.<\/p>\n\n\n\n<p>O com\u00e9rcio e os servi\u00e7os s\u00e3o os principais setores beneficiados pela circula\u00e7\u00e3o desse montante, contribuindo para a melhoria do cen\u00e1rio econ\u00f4mico.<\/p>\n\n\n\n<p>Para mais detalhes e informa\u00e7\u00f5es, os benefici\u00e1rios podem consultar o<a href=\"https:\/\/meu.inss.gov.br\/#\/login\" target=\"_blank\" rel=\"noopener\"> <strong>site<\/strong><\/a><strong> ou<\/strong><a href=\"https:\/\/www.gov.br\/pt-br\/apps\/meu-inss-central-de-servicos\" target=\"_blank\" rel=\"noopener\"><strong> <\/strong><strong>aplicativo<\/strong><\/a><strong> Meu INSS<\/strong> ou entrar em contato direto atrav\u00e9s do <strong>n\u00famero 135<\/strong>. Vale lembrar que benefici\u00e1rios do <strong>BPC<\/strong> (Benef\u00edcio de Presta\u00e7\u00e3o Continuada), tanto idosos quanto pessoas com defici\u00eancia de baixa renda, <strong>n\u00e3o t\u00eam direito ao 13\u00ba sal\u00e1rio.<\/strong><\/p>\n","protected":false},"excerpt":{"rendered":"<p>Repasse foi confirmado pelo instituto. Listamos todas as datas.<\/p>\n","protected":false},"author":12,"featured_media":11031,"comment_status":"closed","ping_status":"closed","sticky":false,"template":"","format":"standard","meta":{"jnews-multi-image_gallery":[],"jnews_single_post":{"format":"standard"},"jnews_primary_category":[],"jnews_social_meta":[],"jnews_override_counter":[],"jnews_post_split":[],"footnotes":""},"categories":[1],"tags":[],"class_list":["post-11718","post","type-post","status-publish","format-standard","has-post-thumbnail","hentry","category-geral"],"_referencia":"","_links":{"self":[{"href":"https:\/\/diariodocomercio.com.br\/mix\/wp-json\/wp\/v2\/posts\/11718","targetHints":{"allow":["GET"]}}],"collection":[{"href":"https:\/\/diariodocomercio.com.br\/mix\/wp-json\/wp\/v2\/posts"}],"about":[{"href":"https:\/\/diariodocomercio.com.br\/mix\/wp-json\/wp\/v2\/types\/post"}],"author":[{"embeddable":true,"href":"https:\/\/diariodocomercio.com.br\/mix\/wp-json\/wp\/v2\/users\/12"}],"replies":[{"embeddable":true,"href":"https:\/\/diariodocomercio.com.br\/mix\/wp-json\/wp\/v2\/comments?post=11718"}],"version-history":[{"count":5,"href":"https:\/\/diariodocomercio.com.br\/mix\/wp-json\/wp\/v2\/posts\/11718\/revisions"}],"predecessor-version":[{"id":11723,"href":"https:\/\/diariodocomercio.com.br\/mix\/wp-json\/wp\/v2\/posts\/11718\/revisions\/11723"}],"wp:featuredmedia":[{"embeddable":true,"href":"https:\/\/diariodocomercio.com.br\/mix\/wp-json\/wp\/v2\/media\/11031"}],"wp:attachment":[{"href":"https:\/\/diariodocomercio.com.br\/mix\/wp-json\/wp\/v2\/media?parent=11718"}],"wp:term":[{"taxonomy":"category","embeddable":true,"href":"https:\/\/diariodocomercio.com.br\/mix\/wp-json\/wp\/v2\/categories?post=11718"},{"taxonomy":"post_tag","embeddable":true,"href":"https:\/\/diariodocomercio.com.br\/mix\/wp-json\/wp\/v2\/tags?post=11718"}],"curies":[{"name":"wp","href":"https:\/\/api.w.org\/{rel}","templated":true}]}}