{"id":11926,"date":"2025-07-04T15:42:03","date_gmt":"2025-07-04T18:42:03","guid":{"rendered":"https:\/\/diariodocomercio.com.br\/mix\/?p=11926"},"modified":"2025-07-04T15:42:05","modified_gmt":"2025-07-04T18:42:05","slug":"vidente-famoso-crava-nova-gravidez-de-virginia-e-nao-e-de-ze-felipe","status":"publish","type":"post","link":"https:\/\/diariodocomercio.com.br\/mix\/vidente-famoso-crava-nova-gravidez-de-virginia-e-nao-e-de-ze-felipe\/","title":{"rendered":"Vidente famoso crava nova gravidez de Virg\u00ednia \u2014 e n\u00e3o \u00e9 de Z\u00e9 Felipe"},"content":{"rendered":"\n<p>Mesmo ap\u00f3s a separa\u00e7\u00e3o, os nomes de Virg\u00ednia Fonseca e Z\u00e9 Felipe continuam em destaque nas redes sociais \u2014 especialmente por conta dos filhos e do carinho que o p\u00fablico ainda nutre pelo casal. Por\u00e9m, de acordo com o vidente, tar\u00f3logo e astr\u00f3logo Victor Valentim, a reconcilia\u00e7\u00e3o est\u00e1 fora dos planos do destino. E mais: Virg\u00ednia ficar\u00e1 gr\u00e1vida novamente, mas de outro homem.<\/p>\n\n\n\n<p>Com base na leitura espiritual, o tar\u00f3logo afirma que tanto Virg\u00ednia quanto Z\u00e9 Felipe est\u00e3o entrando em novas fases da vida, marcadas por amadurecimento e novos relacionamentos.<br>Enquanto ela dever\u00e1 ser m\u00e3e novamente em breve, ele caminha para reconstruir a vida ao lado de outra parceira.<\/p>\n\n\n\n<p>Segundo Valentim, os caminhos espirituais da influenciadora j\u00e1 est\u00e3o se voltando para <strong>um novo amor<\/strong>. A previs\u00e3o aponta que ela ir\u00e1 viver <strong>um novo relacionamento<\/strong> e, dessa uni\u00e3o, vir\u00e1 mais um filho.<\/p>\n\n\n\n<blockquote class=\"wp-block-quote is-layout-flow wp-block-quote-is-layout-flow\">\n<p>\u201cEla ficar\u00e1 gr\u00e1vida de outro homem em breve\u201d, afirmou o sensitivo em entrevista.<\/p>\n<\/blockquote>\n\n\n\n<p>O especialista em previs\u00f5es espirituais acrescenta que a decis\u00e3o de n\u00e3o retomar o casamento tem liga\u00e7\u00e3o com <strong>feridas emocionais profundas<\/strong>, especialmente em raz\u00e3o da conviv\u00eancia com os filhos.<\/p>\n\n\n\n<h2 class=\"wp-block-heading\"><strong>Z\u00e9 Felipe tamb\u00e9m ter\u00e1 nova uni\u00e3o<\/strong><\/h2>\n\n\n\n<p>J\u00e1 sobre Z\u00e9 Felipe, o vidente revela que o cantor est\u00e1 mais tranquilo diante da separa\u00e7\u00e3o e demonstra confian\u00e7a na maternidade de Virg\u00ednia.<\/p>\n\n\n\n<blockquote class=\"wp-block-quote is-layout-flow wp-block-quote-is-layout-flow\">\n<p>\u201cEle sabe que ela ser\u00e1 uma m\u00e3e presente. E tem uma forte tend\u00eancia a se casar novamente e construir uma nova fam\u00edlia.\u201d<\/p>\n<\/blockquote>\n\n\n\n<p>Valentim ainda afirmou que o artista n\u00e3o est\u00e1 com pressa, mas <strong>sua energia j\u00e1 se volta a um novo compromisso afetivo<\/strong>.<\/p>\n\n\n\n<h2 class=\"wp-block-heading\"><strong>Amor n\u00e3o acabou, mas m\u00e1goas falaram mais alto<\/strong><\/h2>\n\n\n\n<p>Apesar das novas previs\u00f5es para os dois, Valentim acredita que o sentimento entre Virg\u00ednia e Z\u00e9 Felipe ainda existe, mas foi abalado por m\u00e1goas e decep\u00e7\u00f5es.<\/p>\n\n\n\n<blockquote class=\"wp-block-quote is-layout-flow wp-block-quote-is-layout-flow\">\n<p>\u201cEles ainda se gostam. Existe uma conex\u00e3o emocional verdadeira entre os dois. Mas esse amor, que antes era inteiro, agora carrega rachaduras.\u201d<\/p>\n<\/blockquote>\n\n\n\n<p>Segundo ele, a separa\u00e7\u00e3o n\u00e3o foi motivada por falta de afeto, e sim por uma quebra de confian\u00e7a.<\/p>\n\n\n\n<blockquote class=\"wp-block-quote is-layout-flow wp-block-quote-is-layout-flow\">\n<p>\u201cAlgo n\u00e3o dito, uma mentira ou uma frustra\u00e7\u00e3o profunda pesou mais do que o sentimento.\u201d<\/p>\n<\/blockquote>\n\n\n\n<p><\/p>\n","protected":false},"excerpt":{"rendered":"<p>Mesmo ap\u00f3s a separa\u00e7\u00e3o, os nomes de Virg\u00ednia Fonseca e Z\u00e9 Felipe continuam em destaque nas redes sociais \u2014 especialmente por conta dos filhos e do carinho que o p\u00fablico ainda nutre pelo casal. Por\u00e9m, de acordo com o vidente, tar\u00f3logo e astr\u00f3logo Victor Valentim, a reconcilia\u00e7\u00e3o est\u00e1 fora dos planos do destino. E mais: [&hellip;]<\/p>\n","protected":false},"author":9,"featured_media":11927,"comment_status":"closed","ping_status":"closed","sticky":false,"template":"","format":"standard","meta":{"jnews-multi-image_gallery":[],"jnews_single_post":{"format":"standard"},"jnews_primary_category":[],"jnews_social_meta":[],"jnews_override_counter":[],"jnews_post_split":[],"footnotes":""},"categories":[1],"tags":[],"class_list":["post-11926","post","type-post","status-publish","format-standard","has-post-thumbnail","hentry","category-geral"],"_referencia":"","_links":{"self":[{"href":"https:\/\/diariodocomercio.com.br\/mix\/wp-json\/wp\/v2\/posts\/11926","targetHints":{"allow":["GET"]}}],"collection":[{"href":"https:\/\/diariodocomercio.com.br\/mix\/wp-json\/wp\/v2\/posts"}],"about":[{"href":"https:\/\/diariodocomercio.com.br\/mix\/wp-json\/wp\/v2\/types\/post"}],"author":[{"embeddable":true,"href":"https:\/\/diariodocomercio.com.br\/mix\/wp-json\/wp\/v2\/users\/9"}],"replies":[{"embeddable":true,"href":"https:\/\/diariodocomercio.com.br\/mix\/wp-json\/wp\/v2\/comments?post=11926"}],"version-history":[{"count":1,"href":"https:\/\/diariodocomercio.com.br\/mix\/wp-json\/wp\/v2\/posts\/11926\/revisions"}],"predecessor-version":[{"id":11928,"href":"https:\/\/diariodocomercio.com.br\/mix\/wp-json\/wp\/v2\/posts\/11926\/revisions\/11928"}],"wp:featuredmedia":[{"embeddable":true,"href":"https:\/\/diariodocomercio.com.br\/mix\/wp-json\/wp\/v2\/media\/11927"}],"wp:attachment":[{"href":"https:\/\/diariodocomercio.com.br\/mix\/wp-json\/wp\/v2\/media?parent=11926"}],"wp:term":[{"taxonomy":"category","embeddable":true,"href":"https:\/\/diariodocomercio.com.br\/mix\/wp-json\/wp\/v2\/categories?post=11926"},{"taxonomy":"post_tag","embeddable":true,"href":"https:\/\/diariodocomercio.com.br\/mix\/wp-json\/wp\/v2\/tags?post=11926"}],"curies":[{"name":"wp","href":"https:\/\/api.w.org\/{rel}","templated":true}]}}