{"id":11929,"date":"2025-07-04T15:58:35","date_gmt":"2025-07-04T18:58:35","guid":{"rendered":"https:\/\/diariodocomercio.com.br\/mix\/?p=11929"},"modified":"2025-07-04T16:23:27","modified_gmt":"2025-07-04T19:23:27","slug":"nao-assista-video-viral-na-internet-esta-destruindo-cerebros-revela-estudo","status":"publish","type":"post","link":"https:\/\/diariodocomercio.com.br\/mix\/nao-assista-video-viral-na-internet-esta-destruindo-cerebros-revela-estudo\/","title":{"rendered":"N\u00e3o assista: v\u00eddeo viral na Internet est\u00e1 destruindo c\u00e9rebros, revela estudo"},"content":{"rendered":"\n<p>Um estudo publicado no prestigiado JAMA Network Open acendeu um alerta global sobre os efeitos devastadores do conte\u00fado digital de baixa qualidade \u2014 especialmente entre crian\u00e7as e pr\u00e9-adolescentes. A pesquisa revela que o uso excessivo de redes sociais e o v\u00edcio eletr\u00f4nico est\u00e3o diretamente relacionados ao crescimento alarmante nos \u00edndices de suic\u00eddio em jovens de 8 a 12 anos.<\/p>\n\n\n\n<p>A chamada \u201cera dos v\u00eddeos virais\u201d pode estar cobrando um pre\u00e7o alt\u00edssimo \u2014 silencioso e perigoso \u2014 no c\u00e9rebro em forma\u00e7\u00e3o de milh\u00f5es de crian\u00e7as. E o Brasil n\u00e3o est\u00e1 fora dessa realidade.<\/p>\n\n\n\n<p>Entre 2001 e 2022, 2.241 crian\u00e7as norte-americanas entre 8 e 12 anos morreram por suic\u00eddio. Embora a taxa tenha ca\u00eddo at\u00e9 2007, desde ent\u00e3o ela aumentou cerca de 8% ao ano, com crescimento desproporcional entre meninas.<\/p>\n\n\n\n<p>A causa? N\u00e3o h\u00e1 um \u00fanico fator, mas especialistas apontam a combina\u00e7\u00e3o entre redes sociais, v\u00edcio em telas, isolamento social e f\u00e1cil acesso a armas de fogo como os principais respons\u00e1veis.<\/p>\n\n\n\n<h2 class=\"wp-block-heading\"><strong>Redes sociais e \u201ccurtidas\u201d que custam caro<\/strong><\/h2>\n\n\n\n<p>Entre os 10 e 12 anos, o c\u00e9rebro passa por uma reestrutura\u00e7\u00e3o profunda. O sistema de recompensa se intensifica: elogios, curtidas e aprova\u00e7\u00e3o social passam a ativar \u00e1reas do c\u00e9rebro ligadas ao prazer, especialmente o <em>estriado ventral<\/em>. \u00c9 o mesmo circuito ativado por drogas e jogos de azar.<\/p>\n\n\n\n<p>Ou seja: um v\u00eddeo viral pode provocar um \u201cbarato emocional\u201d compar\u00e1vel a subst\u00e2ncias qu\u00edmicas \u2014 criando depend\u00eancia.<\/p>\n\n\n\n<p>De acordo com a VEJA, especialistas em sa\u00fade mental identificam<strong> uma conex\u00e3o clara entre o consumo exagerado de conte\u00fado raso \u2014 como v\u00eddeos de desafios perigosos, filtros irreais e autoexposi\u00e7\u00e3o constante \u2014 e o aumento de depress\u00e3o, ansiedade e distor\u00e7\u00e3o da autoimagem em crian\u00e7as e adolescentes<\/strong>.<\/p>\n\n\n\n<p>A pandemia agravou o problema: confinados, isolados e com acesso irrestrito \u00e0 internet, milh\u00f5es de jovens passaram a viver conectados, mas cada vez mais solit\u00e1rios e emocionalmente fr\u00e1geis.<\/p>\n\n\n\n<h2 class=\"wp-block-heading\"><strong>V\u00eddeos que viralizam\u2026 e traumatizam<\/strong><\/h2>\n\n\n\n<p>O estudo alerta ainda para o impacto de v\u00eddeos com conte\u00fado perturbador, que circulam livremente em redes como TikTok, Instagram e YouTube. Crian\u00e7as expostas repetidamente a esses v\u00eddeos desenvolvem <strong>quadros de ins\u00f4nia, dist\u00farbios de aten\u00e7\u00e3o, irritabilidade e at\u00e9 comportamento suicida<\/strong>.<\/p>\n\n\n\n<p>A American Academy of Pediatrics declarou <strong><span style=\"text-decoration: underline;\">emerg\u00eancia nacional em sa\u00fade mental infantil ainda em 2021<\/span><\/strong>, cobrando pol\u00edticas p\u00fablicas urgentes. Mas dentro de casa, pais e respons\u00e1veis s\u00e3o a primeira linha de defesa. Especialistas recomendam:<\/p>\n\n\n\n<ul class=\"wp-block-list\">\n<li>Limitar o tempo de tela e o tipo de conte\u00fado acessado.<\/li>\n\n\n\n<li>Conversar abertamente sobre o que as crian\u00e7as veem e sentem.<\/li>\n\n\n\n<li>Estimular conex\u00f5es reais com amigos e familiares.<\/li>\n\n\n\n<li>Refor\u00e7ar autoestima sem depender de valida\u00e7\u00e3o online.<\/li>\n\n\n\n<li>Procurar ajuda profissional ao menor sinal de sofrimento emocional.<\/li>\n<\/ul>\n","protected":false},"excerpt":{"rendered":"<p>Um estudo publicado no prestigiado JAMA Network Open acendeu um alerta global sobre os efeitos devastadores do conte\u00fado digital de baixa qualidade \u2014 especialmente entre crian\u00e7as e pr\u00e9-adolescentes. A pesquisa revela que o uso excessivo de redes sociais e o v\u00edcio eletr\u00f4nico est\u00e3o diretamente relacionados ao crescimento alarmante nos \u00edndices de suic\u00eddio em jovens de [&hellip;]<\/p>\n","protected":false},"author":9,"featured_media":11936,"comment_status":"closed","ping_status":"closed","sticky":false,"template":"","format":"standard","meta":{"jnews-multi-image_gallery":[],"jnews_single_post":{"format":"standard"},"jnews_primary_category":[],"jnews_social_meta":[],"jnews_override_counter":[],"jnews_post_split":[],"footnotes":""},"categories":[1],"tags":[],"class_list":["post-11929","post","type-post","status-publish","format-standard","has-post-thumbnail","hentry","category-geral"],"_referencia":"","_links":{"self":[{"href":"https:\/\/diariodocomercio.com.br\/mix\/wp-json\/wp\/v2\/posts\/11929","targetHints":{"allow":["GET"]}}],"collection":[{"href":"https:\/\/diariodocomercio.com.br\/mix\/wp-json\/wp\/v2\/posts"}],"about":[{"href":"https:\/\/diariodocomercio.com.br\/mix\/wp-json\/wp\/v2\/types\/post"}],"author":[{"embeddable":true,"href":"https:\/\/diariodocomercio.com.br\/mix\/wp-json\/wp\/v2\/users\/9"}],"replies":[{"embeddable":true,"href":"https:\/\/diariodocomercio.com.br\/mix\/wp-json\/wp\/v2\/comments?post=11929"}],"version-history":[{"count":4,"href":"https:\/\/diariodocomercio.com.br\/mix\/wp-json\/wp\/v2\/posts\/11929\/revisions"}],"predecessor-version":[{"id":11951,"href":"https:\/\/diariodocomercio.com.br\/mix\/wp-json\/wp\/v2\/posts\/11929\/revisions\/11951"}],"wp:featuredmedia":[{"embeddable":true,"href":"https:\/\/diariodocomercio.com.br\/mix\/wp-json\/wp\/v2\/media\/11936"}],"wp:attachment":[{"href":"https:\/\/diariodocomercio.com.br\/mix\/wp-json\/wp\/v2\/media?parent=11929"}],"wp:term":[{"taxonomy":"category","embeddable":true,"href":"https:\/\/diariodocomercio.com.br\/mix\/wp-json\/wp\/v2\/categories?post=11929"},{"taxonomy":"post_tag","embeddable":true,"href":"https:\/\/diariodocomercio.com.br\/mix\/wp-json\/wp\/v2\/tags?post=11929"}],"curies":[{"name":"wp","href":"https:\/\/api.w.org\/{rel}","templated":true}]}}