{"id":11930,"date":"2025-07-04T15:59:26","date_gmt":"2025-07-04T18:59:26","guid":{"rendered":"https:\/\/diariodocomercio.com.br\/mix\/?p=11930"},"modified":"2025-07-04T15:59:28","modified_gmt":"2025-07-04T18:59:28","slug":"quem-ja-fez-compras-na-centauro-pode-ter-sido-alvo-de-vazamento-de-dados","status":"publish","type":"post","link":"https:\/\/diariodocomercio.com.br\/mix\/quem-ja-fez-compras-na-centauro-pode-ter-sido-alvo-de-vazamento-de-dados\/","title":{"rendered":"Quem j\u00e1 fez compras na Centauro pode ter sido alvo de vazamento de dados"},"content":{"rendered":"\n<p>Uma <strong>falha de seguran\u00e7a <\/strong>impactou o e-commerce da<strong> Centauro<\/strong> nesta quinta-feira, 3 de julho. A vulnerabilidade no site da varejista esportiva permitiu acesso indevido aos dados de clientes, expondo informa\u00e7\u00f5es pessoais e financeiras.<\/p>\n\n\n\n<p>Qualquer pessoa podia acessar contas com dados b\u00e1sicos como CPF, CNPJ ou e-mail, o que gerou uma avalanche de reclama\u00e7\u00f5es nas redes sociais. A falha ocorreu porque o sistema<strong> aceitou qualquer senha ao tentar logar, <\/strong>comprometendo a prote\u00e7\u00e3o das contas.<\/p>\n\n\n\n<p>Durante a tarde, usu\u00e1rios relataram dificuldades para acessar o site, que exibia uma mensagem de <em>&#8220;acesso negado&#8221;.<\/em> A plataforma de e-commerce e o aplicativo da Centauro ficaram indispon\u00edveis enquanto a empresa trabalhava para corrigir o erro. Por volta das 18h30, os servi\u00e7os foram restabelecidos, indicando uma resposta r\u00e1pida \u00e0 crise.<\/p>\n\n\n\n<h2 class=\"wp-block-heading\">Impacto nos dados dos clientes<\/h2>\n\n\n\n<p>Os dados expostos inclu\u00edram <strong>informa\u00e7\u00f5es de cart\u00e3o de cr\u00e9dito, hist\u00f3ricos de compras, meios de pagamento<\/strong> e <strong>endere\u00e7os cadastrados.<\/strong> A divulga\u00e7\u00e3o desses dados provocou numerosas reclama\u00e7\u00f5es nas redes sociais, com clientes alertando uns aos outros sobre a vulnerabilidade.<\/p>\n\n\n\n<p>\u00c9 aconselh\u00e1vel que os clientes revisem suas transa\u00e7\u00f5es financeiras e alterem senhas para mitigar poss\u00edveis danos.<\/p>\n\n\n\n<p>A brecha de seguran\u00e7a levantou quest\u00f5es sobre a prote\u00e7\u00e3o de dados sens\u00edveis no e-commerce.&nbsp;<\/p>\n\n\n\n<h2 class=\"wp-block-heading\">Medidas de conten\u00e7\u00e3o<\/h2>\n\n\n\n<p>O Grupo SBF, controlador da Centauro, anunciou que todas as medidas corretivas foram implementadas e reafirmou seu compromisso com as melhores pr\u00e1ticas em privacidade de dados. A empresa destacou a import\u00e2ncia de manter um ambiente seguro para colaboradores, clientes e parceiros.<\/p>\n\n\n\n<h2 class=\"wp-block-heading\">Recomenda\u00e7\u00f5es para os usu\u00e1rios<\/h2>\n\n\n\n<p>Especialistas aconselham <strong>medidas preventivas aos consumidores<\/strong>. Entre as sugest\u00f5es, est\u00e3o a verifica\u00e7\u00e3o regular das transa\u00e7\u00f5es financeiras, a altera\u00e7\u00e3o frequente de senhas e cautela ao compartilhar informa\u00e7\u00f5es online. Mesmo com tecnologia pr\u00e1tica, \u00e9 necess\u00e1ria responsabilidade no manejo de dados pessoais.<\/p>\n","protected":false},"excerpt":{"rendered":"<p>Falha de seguran\u00e7a deixou contas de clientes expostas. Empresa se manifestou.<\/p>\n","protected":false},"author":12,"featured_media":11932,"comment_status":"closed","ping_status":"closed","sticky":false,"template":"","format":"standard","meta":{"jnews-multi-image_gallery":[],"jnews_single_post":{"format":"standard"},"jnews_primary_category":[],"jnews_social_meta":[],"jnews_override_counter":[],"jnews_post_split":[],"footnotes":""},"categories":[1],"tags":[],"class_list":["post-11930","post","type-post","status-publish","format-standard","has-post-thumbnail","hentry","category-geral"],"_referencia":"","_links":{"self":[{"href":"https:\/\/diariodocomercio.com.br\/mix\/wp-json\/wp\/v2\/posts\/11930","targetHints":{"allow":["GET"]}}],"collection":[{"href":"https:\/\/diariodocomercio.com.br\/mix\/wp-json\/wp\/v2\/posts"}],"about":[{"href":"https:\/\/diariodocomercio.com.br\/mix\/wp-json\/wp\/v2\/types\/post"}],"author":[{"embeddable":true,"href":"https:\/\/diariodocomercio.com.br\/mix\/wp-json\/wp\/v2\/users\/12"}],"replies":[{"embeddable":true,"href":"https:\/\/diariodocomercio.com.br\/mix\/wp-json\/wp\/v2\/comments?post=11930"}],"version-history":[{"count":1,"href":"https:\/\/diariodocomercio.com.br\/mix\/wp-json\/wp\/v2\/posts\/11930\/revisions"}],"predecessor-version":[{"id":11938,"href":"https:\/\/diariodocomercio.com.br\/mix\/wp-json\/wp\/v2\/posts\/11930\/revisions\/11938"}],"wp:featuredmedia":[{"embeddable":true,"href":"https:\/\/diariodocomercio.com.br\/mix\/wp-json\/wp\/v2\/media\/11932"}],"wp:attachment":[{"href":"https:\/\/diariodocomercio.com.br\/mix\/wp-json\/wp\/v2\/media?parent=11930"}],"wp:term":[{"taxonomy":"category","embeddable":true,"href":"https:\/\/diariodocomercio.com.br\/mix\/wp-json\/wp\/v2\/categories?post=11930"},{"taxonomy":"post_tag","embeddable":true,"href":"https:\/\/diariodocomercio.com.br\/mix\/wp-json\/wp\/v2\/tags?post=11930"}],"curies":[{"name":"wp","href":"https:\/\/api.w.org\/{rel}","templated":true}]}}