{"id":11940,"date":"2025-07-04T16:06:16","date_gmt":"2025-07-04T19:06:16","guid":{"rendered":"https:\/\/diariodocomercio.com.br\/mix\/?p=11940"},"modified":"2025-07-04T16:26:00","modified_gmt":"2025-07-04T19:26:00","slug":"cpf-premiado-milhoes-de-trabalhadores-tem-direito-a-receber-r-151800-do-governo","status":"publish","type":"post","link":"https:\/\/diariodocomercio.com.br\/mix\/cpf-premiado-milhoes-de-trabalhadores-tem-direito-a-receber-r-151800-do-governo\/","title":{"rendered":"Milh\u00f5es de trabalhadores t\u00eam direito a receber R$ 1.518,00 do Governo"},"content":{"rendered":"\n<p>O Governo Federal vai liberar, a partir do dia 15 de julho, mais uma rodada de pagamentos do abono salarial do PIS\/Pasep, e milh\u00f5es de trabalhadores podem ter at\u00e9 R$ 1.518 para receber, independentemente do n\u00famero do CPF.<\/p>\n\n\n\n<p>A libera\u00e7\u00e3o faz parte do calend\u00e1rio de 2025, referente ao ano-base 2023, e beneficia os nascidos em setembro e outubro (no caso do PIS) e servidores p\u00fablicos com final de inscri\u00e7\u00e3o 8 e 9 (Pasep). Os valores ficam dispon\u00edveis at\u00e9 29 de dezembro.<\/p>\n\n\n\n<h3 class=\"wp-block-heading\">Quem tem direito ao abono salarial?<\/h3>\n\n\n\n<p>Para receber o benef\u00edcio, \u00e9 preciso atender a <strong>cinco crit\u00e9rios<\/strong>:<\/p>\n\n\n\n<ul class=\"wp-block-list\">\n<li>Ter trabalhado <strong>com carteira assinada por pelo menos 30 dias em 2023<\/strong>;<\/li>\n\n\n\n<li>Ter recebido, em m\u00e9dia, at\u00e9 <strong>dois sal\u00e1rios m\u00ednimos mensais<\/strong> (R$ 2.640,00);<\/li>\n\n\n\n<li>Estar <strong>inscrito no PIS\/Pasep h\u00e1 pelo menos cinco anos<\/strong>;<\/li>\n\n\n\n<li>Ter os dados corretamente informados pelo empregador na <strong>Rela\u00e7\u00e3o Anual de Informa\u00e7\u00f5es Sociais (RAIS)<\/strong> ou <strong>eSocial<\/strong>;<\/li>\n\n\n\n<li>Ter o cadastro ativo no sistema do Minist\u00e9rio do Trabalho.<\/li>\n<\/ul>\n\n\n\n<p>O valor do abono \u00e9 proporcional ao n\u00famero de meses trabalhados em 2023. Confira alguns exemplos:<\/p>\n\n\n\n<figure class=\"wp-block-table\"><table class=\"has-fixed-layout\"><thead><tr><th>Meses trabalhados<\/th><th>Valor do abono (em R$)<\/th><\/tr><\/thead><tbody><tr><td>1 m\u00eas<\/td><td>127,00<\/td><\/tr><tr><td>6 meses<\/td><td>759,00<\/td><\/tr><tr><td>12 meses<\/td><td>1.518,00<\/td><\/tr><\/tbody><\/table><\/figure>\n\n\n\n<p>Os pagamentos s\u00e3o feitos conforme o v\u00ednculo:<\/p>\n\n\n\n<ul class=\"wp-block-list\">\n<li><strong>Trabalhadores da iniciativa privada (PIS):<\/strong> pela <strong>Caixa Econ\u00f4mica Federal<\/strong>, incluindo o <strong>app Caixa Tem<\/strong>, conta digital ou ag\u00eancias;<\/li>\n\n\n\n<li><strong>Servidores p\u00fablicos (Pasep):<\/strong> pelo <strong>Banco do Brasil<\/strong>, com op\u00e7\u00f5es de saque presencial, TED ou Pix.<\/li>\n<\/ul>\n\n\n\n<h2 class=\"wp-block-heading\"><strong>Um al\u00edvio financeiro<\/strong><\/h2>\n\n\n\n<p>Ao todo, mais de 25,8 milh\u00f5es de brasileiros devem receber o abono em 2025, totalizando uma inje\u00e7\u00e3o de R$ 30,7 bilh\u00f5es na economia, segundo o Minist\u00e9rio do Trabalho.<\/p>\n\n\n\n<p>O benef\u00edcio \u00e9 isento de impostos, pode ajudar a quitar d\u00edvidas, refor\u00e7ar a renda familiar ou at\u00e9 compor uma reserva financeira. E o melhor: voc\u00ea pode ter esse dinheiro \u00e0 disposi\u00e7\u00e3o e nem sabe!<\/p>\n","protected":false},"excerpt":{"rendered":"<p>O Governo Federal vai liberar, a partir do dia 15 de julho, mais uma rodada de pagamentos do abono salarial do PIS\/Pasep, e milh\u00f5es de trabalhadores podem ter at\u00e9 R$ 1.518 para receber, independentemente do n\u00famero do CPF. A libera\u00e7\u00e3o faz parte do calend\u00e1rio de 2025, referente ao ano-base 2023, e beneficia os nascidos em [&hellip;]<\/p>\n","protected":false},"author":9,"featured_media":6309,"comment_status":"closed","ping_status":"closed","sticky":false,"template":"","format":"standard","meta":{"jnews-multi-image_gallery":[],"jnews_single_post":{"format":"standard"},"jnews_primary_category":[],"jnews_social_meta":[],"jnews_override_counter":[],"jnews_post_split":[],"footnotes":""},"categories":[1],"tags":[],"class_list":["post-11940","post","type-post","status-publish","format-standard","has-post-thumbnail","hentry","category-geral"],"_referencia":"","_links":{"self":[{"href":"https:\/\/diariodocomercio.com.br\/mix\/wp-json\/wp\/v2\/posts\/11940","targetHints":{"allow":["GET"]}}],"collection":[{"href":"https:\/\/diariodocomercio.com.br\/mix\/wp-json\/wp\/v2\/posts"}],"about":[{"href":"https:\/\/diariodocomercio.com.br\/mix\/wp-json\/wp\/v2\/types\/post"}],"author":[{"embeddable":true,"href":"https:\/\/diariodocomercio.com.br\/mix\/wp-json\/wp\/v2\/users\/9"}],"replies":[{"embeddable":true,"href":"https:\/\/diariodocomercio.com.br\/mix\/wp-json\/wp\/v2\/comments?post=11940"}],"version-history":[{"count":2,"href":"https:\/\/diariodocomercio.com.br\/mix\/wp-json\/wp\/v2\/posts\/11940\/revisions"}],"predecessor-version":[{"id":11953,"href":"https:\/\/diariodocomercio.com.br\/mix\/wp-json\/wp\/v2\/posts\/11940\/revisions\/11953"}],"wp:featuredmedia":[{"embeddable":true,"href":"https:\/\/diariodocomercio.com.br\/mix\/wp-json\/wp\/v2\/media\/6309"}],"wp:attachment":[{"href":"https:\/\/diariodocomercio.com.br\/mix\/wp-json\/wp\/v2\/media?parent=11940"}],"wp:term":[{"taxonomy":"category","embeddable":true,"href":"https:\/\/diariodocomercio.com.br\/mix\/wp-json\/wp\/v2\/categories?post=11940"},{"taxonomy":"post_tag","embeddable":true,"href":"https:\/\/diariodocomercio.com.br\/mix\/wp-json\/wp\/v2\/tags?post=11940"}],"curies":[{"name":"wp","href":"https:\/\/api.w.org\/{rel}","templated":true}]}}