{"id":11942,"date":"2025-07-04T16:11:54","date_gmt":"2025-07-04T19:11:54","guid":{"rendered":"https:\/\/diariodocomercio.com.br\/mix\/?p=11942"},"modified":"2025-07-04T16:11:57","modified_gmt":"2025-07-04T19:11:57","slug":"veja-quais-profissoes-pagam-bem-no-brasil-sem-precisar-de-faculdade","status":"publish","type":"post","link":"https:\/\/diariodocomercio.com.br\/mix\/veja-quais-profissoes-pagam-bem-no-brasil-sem-precisar-de-faculdade\/","title":{"rendered":"Veja quais profiss\u00f5es pagam bem no Brasil sem precisar de faculdade"},"content":{"rendered":"\n<p>Enquanto cresce a inseguran\u00e7a entre jovens sobre o futuro profissional, algumas carreiras com alto potencial de renda e acesso mais r\u00e1pido ao mercado de trabalho t\u00eam ganhado destaque. Com sal\u00e1rios que variam de R$ 3.000 a mais de R$ 20 mil mensais, essas profiss\u00f5es n\u00e3o exigem diploma universit\u00e1rio \u2014 basta o ensino m\u00e9dio completo e capacita\u00e7\u00e3o pr\u00e1tica.<\/p>\n\n\n\n<p>Segundo uma pesquisa realizada pela Handshake, 57% dos estudantes que se formam em 2025 est\u00e3o pessimistas quanto ao in\u00edcio da carreira, e, de acordo com a Catho, 79% dos jovens de 18 a 24 anos n\u00e3o confiam nas pr\u00f3prias habilidades. Esse cen\u00e1rio abre espa\u00e7o para trajet\u00f3rias alternativas, mais acess\u00edveis e de retorno r\u00e1pido, principalmente com a expans\u00e3o do trabalho remoto e da digitaliza\u00e7\u00e3o de servi\u00e7os.<\/p>\n\n\n\n<figure class=\"wp-block-table\"><table class=\"has-fixed-layout\"><thead><tr><th>Profiss\u00e3o<\/th><th>Sal\u00e1rio m\u00e9dio mensal<\/th><th>Destaques da \u00e1rea<\/th><\/tr><\/thead><tbody><tr><td><strong>Gestor de Tr\u00e1fego Pago<\/strong><\/td><td>R$ 5.000 a R$ 15.000+<\/td><td>Altamente requisitado por empresas digitais<\/td><\/tr><tr><td><strong>T\u00e9cnico em Log\u00edstica<\/strong><\/td><td>R$ 4.000 a R$ 10.000+<\/td><td>Forte demanda no setor de com\u00e9rcio e transporte<\/td><\/tr><tr><td><strong>Vendedor de E-commerce<\/strong><\/td><td>R$ 5.000 a R$ 20.000+<\/td><td>Potencial de crescimento com marketplaces<\/td><\/tr><tr><td><strong>Assistente Virtual<\/strong><\/td><td>R$ 3.000 a R$ 8.000+<\/td><td>Ideal para trabalho remoto em startups e empresas<\/td><\/tr><tr><td><strong>T\u00e9cnico em Energia Solar<\/strong><\/td><td>R$ 4.000 a R$ 12.000+<\/td><td>Mercado em expans\u00e3o com foco em sustentabilidade<\/td><\/tr><tr><td><strong>Corretor de Im\u00f3veis<\/strong><\/td><td>R$ 5.000 a R$ 20.000+<\/td><td>Ganhos vari\u00e1veis com base em comiss\u00f5es<\/td><\/tr><\/tbody><\/table><\/figure>\n\n\n\n<p>Todas essas \u00e1reas t\u00eam alta demanda, e oportunidades s\u00e3o encontradas em plataformas como Catho, 99Freelas, Vagas.com e Workana.<\/p>\n\n\n\n<h2 class=\"wp-block-heading\"><strong>Capacita\u00e7\u00e3o r\u00e1pida e pr\u00e1tica<\/strong><\/h2>\n\n\n\n<p>A maioria dessas profiss\u00f5es permite entrada r\u00e1pida no mercado ap\u00f3s cursos de curta dura\u00e7\u00e3o, muitos com op\u00e7\u00f5es online e gratuitas. Veja como come\u00e7ar:<\/p>\n\n\n\n<ul class=\"wp-block-list\">\n<li><strong>Gestor de Tr\u00e1fego Pago<\/strong>: Cursos na Hotmart e Udemy ensinam a usar Google Ads e Meta Ads em at\u00e9 60 horas.<\/li>\n\n\n\n<li><strong>T\u00e9cnico em Log\u00edstica<\/strong>: O Senai e o Senac oferecem forma\u00e7\u00f5es entre 6 e 12 meses, com foco em Excel e processos operacionais.<\/li>\n\n\n\n<li><strong>Vendedor de E-commerce<\/strong>: Tutoriais no YouTube e cursos na Alura ajudam a come\u00e7ar; pr\u00e1tica em plataformas como Mercado Livre \u00e9 essencial.<\/li>\n\n\n\n<li><strong>Assistente Virtual<\/strong>: \u00c9 poss\u00edvel se capacitar em semanas, aprendendo ferramentas como Notion e Trello.<\/li>\n\n\n\n<li><strong>Energia Solar<\/strong>: Plataformas como SolarZ e cursos t\u00e9cnicos do Senai preparam em at\u00e9 6 meses.<\/li>\n\n\n\n<li><strong>Corretor de Im\u00f3veis<\/strong>: Com dura\u00e7\u00e3o m\u00e9dia de 4 a 6 meses, o curso t\u00e9cnico garante o registro no <strong>Creci<\/strong>.<\/li>\n<\/ul>\n\n\n\n<p>Mais do que t\u00edtulos acad\u00eamicos, essas carreiras valorizam portf\u00f3lios, resultados e experi\u00eancia pr\u00e1tica, o que torna o acesso ao mercado menos burocr\u00e1tico e mais din\u00e2mico.<\/p>\n","protected":false},"excerpt":{"rendered":"<p>Enquanto cresce a inseguran\u00e7a entre jovens sobre o futuro profissional, algumas carreiras com alto potencial de renda e acesso mais r\u00e1pido ao mercado de trabalho t\u00eam ganhado destaque. Com sal\u00e1rios que variam de R$ 3.000 a mais de R$ 20 mil mensais, essas profiss\u00f5es n\u00e3o exigem diploma universit\u00e1rio \u2014 basta o ensino m\u00e9dio completo e [&hellip;]<\/p>\n","protected":false},"author":9,"featured_media":6416,"comment_status":"closed","ping_status":"closed","sticky":false,"template":"","format":"standard","meta":{"jnews-multi-image_gallery":[],"jnews_single_post":{"format":"standard"},"jnews_primary_category":[],"jnews_social_meta":[],"jnews_override_counter":[],"jnews_post_split":[],"footnotes":""},"categories":[1],"tags":[],"class_list":["post-11942","post","type-post","status-publish","format-standard","has-post-thumbnail","hentry","category-geral"],"_referencia":"","_links":{"self":[{"href":"https:\/\/diariodocomercio.com.br\/mix\/wp-json\/wp\/v2\/posts\/11942","targetHints":{"allow":["GET"]}}],"collection":[{"href":"https:\/\/diariodocomercio.com.br\/mix\/wp-json\/wp\/v2\/posts"}],"about":[{"href":"https:\/\/diariodocomercio.com.br\/mix\/wp-json\/wp\/v2\/types\/post"}],"author":[{"embeddable":true,"href":"https:\/\/diariodocomercio.com.br\/mix\/wp-json\/wp\/v2\/users\/9"}],"replies":[{"embeddable":true,"href":"https:\/\/diariodocomercio.com.br\/mix\/wp-json\/wp\/v2\/comments?post=11942"}],"version-history":[{"count":1,"href":"https:\/\/diariodocomercio.com.br\/mix\/wp-json\/wp\/v2\/posts\/11942\/revisions"}],"predecessor-version":[{"id":11943,"href":"https:\/\/diariodocomercio.com.br\/mix\/wp-json\/wp\/v2\/posts\/11942\/revisions\/11943"}],"wp:featuredmedia":[{"embeddable":true,"href":"https:\/\/diariodocomercio.com.br\/mix\/wp-json\/wp\/v2\/media\/6416"}],"wp:attachment":[{"href":"https:\/\/diariodocomercio.com.br\/mix\/wp-json\/wp\/v2\/media?parent=11942"}],"wp:term":[{"taxonomy":"category","embeddable":true,"href":"https:\/\/diariodocomercio.com.br\/mix\/wp-json\/wp\/v2\/categories?post=11942"},{"taxonomy":"post_tag","embeddable":true,"href":"https:\/\/diariodocomercio.com.br\/mix\/wp-json\/wp\/v2\/tags?post=11942"}],"curies":[{"name":"wp","href":"https:\/\/api.w.org\/{rel}","templated":true}]}}