{"id":11945,"date":"2025-07-04T16:20:38","date_gmt":"2025-07-04T19:20:38","guid":{"rendered":"https:\/\/diariodocomercio.com.br\/mix\/?p=11945"},"modified":"2025-07-04T16:20:40","modified_gmt":"2025-07-04T19:20:40","slug":"governo-autoriza-o-pagamento-de-r-6-22000-para-moradores-de-26-cidades","status":"publish","type":"post","link":"https:\/\/diariodocomercio.com.br\/mix\/governo-autoriza-o-pagamento-de-r-6-22000-para-moradores-de-26-cidades\/","title":{"rendered":"Governo autoriza o pagamento de R$ 6.220,00 para moradores de 26 cidades"},"content":{"rendered":"\n<p>Moradores do Brasil inteiro j\u00e1 podem solicitar o saque do FGTS por calamidade p\u00fablica, autorizado pela Caixa Econ\u00f4mica Federal. A medida foi tomada ap\u00f3s fortes chuvas e enchentes que causaram preju\u00edzos em diversas regi\u00f5es. O valor m\u00e1ximo a ser liberado \u00e9 de R$ 6.220,00 por conta vinculada, conforme o saldo dispon\u00edvel no fundo.<\/p>\n\n\n\n<p>A solicita\u00e7\u00e3o pode ser feita de forma 100% digital, pelo aplicativo FGTS, dispon\u00edvel para Android e iOS, sem necessidade de ir at\u00e9 uma ag\u00eancia da Caixa. O prazo para envio da solicita\u00e7\u00e3o vai at\u00e9 30 de setembro de 2025.<\/p>\n\n\n\n<p>Para ter acesso ao benef\u00edcio emergencial, o trabalhador deve cumprir os seguintes requisitos:<\/p>\n\n\n\n<ul class=\"wp-block-list\">\n<li><strong>Ter saldo dispon\u00edvel<\/strong> na conta do FGTS;<\/li>\n\n\n\n<li><strong>Residir em \u00e1rea afetada<\/strong> por desastre natural reconhecido como situa\u00e7\u00e3o de calamidade p\u00fablica;<\/li>\n\n\n\n<li><strong>N\u00e3o ter feito saque anterior<\/strong> pelo mesmo motivo nos \u00faltimos 12 meses.<\/li>\n<\/ul>\n\n\n\n<p>Al\u00e9m disso, \u00e9 necess\u00e1rio apresentar <strong>documentos comprobat\u00f3rios de identidade e resid\u00eancia<\/strong>, conforme exig\u00eancias do aplicativo.<\/p>\n\n\n\n<h2 class=\"wp-block-heading\"><strong>Como solicitar<\/strong><\/h2>\n\n\n\n<p>O processo pode ser feito diretamente pelo celular, seguindo os passos:<\/p>\n\n\n\n<ol class=\"wp-block-list\">\n<li>Acesse o aplicativo <strong>FGTS<\/strong>;<\/li>\n\n\n\n<li>V\u00e1 at\u00e9 a aba \u201c<strong>Saques<\/strong>\u201d e selecione \u201c<strong>Calamidade p\u00fablica<\/strong>\u201d;<\/li>\n\n\n\n<li>Informe o munic\u00edpio afetado e <strong>anexe os documentos<\/strong> solicitados, como:\n<ul class=\"wp-block-list\">\n<li>Documento de identidade com foto (frente e verso);<\/li>\n\n\n\n<li>Selfie com o documento em m\u00e3os;<\/li>\n\n\n\n<li>Comprovante de resid\u00eancia em nome do trabalhador (emitido at\u00e9 120 dias antes da decreta\u00e7\u00e3o);<\/li>\n\n\n\n<li>Declara\u00e7\u00e3o da prefeitura ou autodeclara\u00e7\u00e3o, caso n\u00e3o tenha comprovante;<\/li>\n\n\n\n<li>Se o comprovante estiver em nome do c\u00f4njuge, \u00e9 necess\u00e1rio enviar certid\u00e3o de casamento ou uni\u00e3o est\u00e1vel.<\/li>\n<\/ul>\n<\/li>\n<\/ol>\n\n\n\n<p>O valor ser\u00e1 depositado na conta banc\u00e1ria indicada pelo trabalhador, podendo ser na Poupan\u00e7a Digital Caixa Tem ou qualquer outra institui\u00e7\u00e3o financeira, sem cobran\u00e7a de tarifas.<\/p>\n\n\n\n<p>A libera\u00e7\u00e3o do FGTS por calamidade \u00e9 uma forma de ajudar fam\u00edlias que perderam bens ou tiveram suas casas danificadas por eventos clim\u00e1ticos extremos, como enchentes e deslizamentos. A Defesa Civil local deve estar envolvida no processo, garantindo a validade do decreto de emerg\u00eancia para viabilizar o saque.<\/p>\n\n\n\n<p><\/p>\n","protected":false},"excerpt":{"rendered":"<p>Moradores do Brasil inteiro j\u00e1 podem solicitar o saque do FGTS por calamidade p\u00fablica, autorizado pela Caixa Econ\u00f4mica Federal. A medida foi tomada ap\u00f3s fortes chuvas e enchentes que causaram preju\u00edzos em diversas regi\u00f5es. O valor m\u00e1ximo a ser liberado \u00e9 de R$ 6.220,00 por conta vinculada, conforme o saldo dispon\u00edvel no fundo. A solicita\u00e7\u00e3o [&hellip;]<\/p>\n","protected":false},"author":9,"featured_media":5119,"comment_status":"closed","ping_status":"closed","sticky":false,"template":"","format":"standard","meta":{"jnews-multi-image_gallery":[],"jnews_single_post":{"format":"standard"},"jnews_primary_category":[],"jnews_social_meta":[],"jnews_override_counter":[],"jnews_post_split":[],"footnotes":""},"categories":[1],"tags":[],"class_list":["post-11945","post","type-post","status-publish","format-standard","has-post-thumbnail","hentry","category-geral"],"_referencia":"","_links":{"self":[{"href":"https:\/\/diariodocomercio.com.br\/mix\/wp-json\/wp\/v2\/posts\/11945","targetHints":{"allow":["GET"]}}],"collection":[{"href":"https:\/\/diariodocomercio.com.br\/mix\/wp-json\/wp\/v2\/posts"}],"about":[{"href":"https:\/\/diariodocomercio.com.br\/mix\/wp-json\/wp\/v2\/types\/post"}],"author":[{"embeddable":true,"href":"https:\/\/diariodocomercio.com.br\/mix\/wp-json\/wp\/v2\/users\/9"}],"replies":[{"embeddable":true,"href":"https:\/\/diariodocomercio.com.br\/mix\/wp-json\/wp\/v2\/comments?post=11945"}],"version-history":[{"count":1,"href":"https:\/\/diariodocomercio.com.br\/mix\/wp-json\/wp\/v2\/posts\/11945\/revisions"}],"predecessor-version":[{"id":11947,"href":"https:\/\/diariodocomercio.com.br\/mix\/wp-json\/wp\/v2\/posts\/11945\/revisions\/11947"}],"wp:featuredmedia":[{"embeddable":true,"href":"https:\/\/diariodocomercio.com.br\/mix\/wp-json\/wp\/v2\/media\/5119"}],"wp:attachment":[{"href":"https:\/\/diariodocomercio.com.br\/mix\/wp-json\/wp\/v2\/media?parent=11945"}],"wp:term":[{"taxonomy":"category","embeddable":true,"href":"https:\/\/diariodocomercio.com.br\/mix\/wp-json\/wp\/v2\/categories?post=11945"},{"taxonomy":"post_tag","embeddable":true,"href":"https:\/\/diariodocomercio.com.br\/mix\/wp-json\/wp\/v2\/tags?post=11945"}],"curies":[{"name":"wp","href":"https:\/\/api.w.org\/{rel}","templated":true}]}}