{"id":11948,"date":"2025-07-04T16:27:04","date_gmt":"2025-07-04T19:27:04","guid":{"rendered":"https:\/\/diariodocomercio.com.br\/mix\/?p=11948"},"modified":"2025-07-04T16:27:06","modified_gmt":"2025-07-04T19:27:06","slug":"brasileiros-comemoram-queda-no-preco-da-gasolina-e-gas-de-cozinha","status":"publish","type":"post","link":"https:\/\/diariodocomercio.com.br\/mix\/brasileiros-comemoram-queda-no-preco-da-gasolina-e-gas-de-cozinha\/","title":{"rendered":"Brasileiros comemoram queda no pre\u00e7o da gasolina e g\u00e1s de cozinha"},"content":{"rendered":"\n<p>Julho come\u00e7ou com al\u00edvio para os motoristas e donas de casa da Bahia. A Acelen, empresa respons\u00e1vel pela Refinaria de Mataripe, anunciou uma redu\u00e7\u00e3o nos pre\u00e7os da gasolina, diesel e g\u00e1s de cozinha repassados \u00e0s distribuidoras. A medida, segundo a empresa, segue crit\u00e9rios t\u00e9cnicos de mercado e leva em conta fatores como a cota\u00e7\u00e3o internacional do petr\u00f3leo, valor do d\u00f3lar, frete e log\u00edstica.<\/p>\n\n\n\n<p>A maior queda registrada foi no diesel S500, que passou de R$ 3,25 para R$ 3,16 por litro \u2014 uma redu\u00e7\u00e3o de 2,5%. J\u00e1 o diesel S10 teve uma queda de 2,4%, com o litro indo de R$ 3,45 para R$ 3,36. A gasolina tamb\u00e9m ficou mais acess\u00edvel, com recuo de 1,3%, saindo de R$ 2,91 para R$ 2,87.<\/p>\n\n\n\n<p>Al\u00e9m dos combust\u00edveis, o g\u00e1s liquefeito de petr\u00f3leo (GLP), conhecido como g\u00e1s de cozinha, tamb\u00e9m sofreu ajuste para baixo. O pre\u00e7o caiu 2,1%, o que deve impactar o valor final para os consumidores nos pr\u00f3ximos dias, \u00e0 medida que os estoques forem renovados nas distribuidoras e revendedoras.<\/p>\n\n\n\n<p>Apesar das redu\u00e7\u00f5es ainda t\u00edmidas, especialistas apontam que a queda nos pre\u00e7os pode ter impacto positivo sobre a infla\u00e7\u00e3o local e melhorar o poder de compra da popula\u00e7\u00e3o, principalmente nas regi\u00f5es mais afetadas pela alta dos combust\u00edveis nos \u00faltimos anos. <\/p>\n\n\n\n<h2 class=\"wp-block-heading\"><strong>Al\u00edvio no or\u00e7amento das fam\u00edlias<\/strong><\/h2>\n\n\n\n<p>Para pequenos empreendedores, motoristas de aplicativo e fam\u00edlias de baixa renda, qualquer economia no abastecimento ou na cozinha representa um respiro no fim do m\u00eas. A expectativa agora recai sobre a continuidade dessa tend\u00eancia nos pr\u00f3ximos reajustes. Caso o mercado internacional mantenha estabilidade, os consumidores baianos poder\u00e3o sentir um al\u00edvio mais consistente nos gastos com transporte e alimenta\u00e7\u00e3o ao longo do segundo semestre.<\/p>\n\n\n\n<p>A queda nos pre\u00e7os \u00e9 vista como um <strong>alento para o or\u00e7amento das fam\u00edlias<\/strong>, especialmente em um momento de custos elevados no transporte e na alimenta\u00e7\u00e3o. Segundo a Acelen, os valores praticados refletem uma <strong>pol\u00edtica de pre\u00e7os transparente<\/strong>, amparada por par\u00e2metros internacionais e alinhada ao setor global de refino.<\/p>\n\n\n\n<p>A expectativa \u00e9 que a redu\u00e7\u00e3o chegue de forma gradual \u00e0s bombas de combust\u00edveis e botij\u00f5es de g\u00e1s em todo o estado, favorecendo o consumo e a circula\u00e7\u00e3o de bens e servi\u00e7os em meio a um cen\u00e1rio econ\u00f4mico ainda desafiador.<\/p>\n","protected":false},"excerpt":{"rendered":"<p>Julho come\u00e7ou com al\u00edvio para os motoristas e donas de casa da Bahia. A Acelen, empresa respons\u00e1vel pela Refinaria de Mataripe, anunciou uma redu\u00e7\u00e3o nos pre\u00e7os da gasolina, diesel e g\u00e1s de cozinha repassados \u00e0s distribuidoras. A medida, segundo a empresa, segue crit\u00e9rios t\u00e9cnicos de mercado e leva em conta fatores como a cota\u00e7\u00e3o internacional [&hellip;]<\/p>\n","protected":false},"author":9,"featured_media":11954,"comment_status":"closed","ping_status":"closed","sticky":false,"template":"","format":"standard","meta":{"jnews-multi-image_gallery":[],"jnews_single_post":{"format":"standard"},"jnews_primary_category":[],"jnews_social_meta":[],"jnews_override_counter":[],"jnews_post_split":[],"footnotes":""},"categories":[1],"tags":[],"class_list":["post-11948","post","type-post","status-publish","format-standard","has-post-thumbnail","hentry","category-geral"],"_referencia":"","_links":{"self":[{"href":"https:\/\/diariodocomercio.com.br\/mix\/wp-json\/wp\/v2\/posts\/11948","targetHints":{"allow":["GET"]}}],"collection":[{"href":"https:\/\/diariodocomercio.com.br\/mix\/wp-json\/wp\/v2\/posts"}],"about":[{"href":"https:\/\/diariodocomercio.com.br\/mix\/wp-json\/wp\/v2\/types\/post"}],"author":[{"embeddable":true,"href":"https:\/\/diariodocomercio.com.br\/mix\/wp-json\/wp\/v2\/users\/9"}],"replies":[{"embeddable":true,"href":"https:\/\/diariodocomercio.com.br\/mix\/wp-json\/wp\/v2\/comments?post=11948"}],"version-history":[{"count":1,"href":"https:\/\/diariodocomercio.com.br\/mix\/wp-json\/wp\/v2\/posts\/11948\/revisions"}],"predecessor-version":[{"id":11955,"href":"https:\/\/diariodocomercio.com.br\/mix\/wp-json\/wp\/v2\/posts\/11948\/revisions\/11955"}],"wp:featuredmedia":[{"embeddable":true,"href":"https:\/\/diariodocomercio.com.br\/mix\/wp-json\/wp\/v2\/media\/11954"}],"wp:attachment":[{"href":"https:\/\/diariodocomercio.com.br\/mix\/wp-json\/wp\/v2\/media?parent=11948"}],"wp:term":[{"taxonomy":"category","embeddable":true,"href":"https:\/\/diariodocomercio.com.br\/mix\/wp-json\/wp\/v2\/categories?post=11948"},{"taxonomy":"post_tag","embeddable":true,"href":"https:\/\/diariodocomercio.com.br\/mix\/wp-json\/wp\/v2\/tags?post=11948"}],"curies":[{"name":"wp","href":"https:\/\/api.w.org\/{rel}","templated":true}]}}