{"id":11959,"date":"2025-07-04T17:39:21","date_gmt":"2025-07-04T20:39:21","guid":{"rendered":"https:\/\/diariodocomercio.com.br\/mix\/?p=11959"},"modified":"2025-07-04T17:39:23","modified_gmt":"2025-07-04T20:39:23","slug":"whey-protein-famoso-e-suspenso-do-brasil-por-determinacao-da-anvisa","status":"publish","type":"post","link":"https:\/\/diariodocomercio.com.br\/mix\/whey-protein-famoso-e-suspenso-do-brasil-por-determinacao-da-anvisa\/","title":{"rendered":"Whey Protein famoso \u00e9 suspenso do Brasil por determina\u00e7\u00e3o da Anvisa"},"content":{"rendered":"\n<p>A Ag\u00eancia Nacional de Vigil\u00e2ncia Sanit\u00e1ria (Anvisa) suspendeu no \u00faltimo dia 23 de junho o <strong>lote 2408J5 de whey protein da marca Fullife Nutrition<\/strong>. A decis\u00e3o ocorreu ap\u00f3s an\u00e1lises laboratoriais identificarem a presen\u00e7a de gl\u00faten na composi\u00e7\u00e3o do produto, subst\u00e2ncia n\u00e3o mencionada no label.&nbsp;<\/p>\n\n\n\n<p>As an\u00e1lises que embasaram a suspens\u00e3o foram conduzidas pela Funda\u00e7\u00e3o Ezequiel Dias. Notou-se a presen\u00e7a de trigo, centeio e cevada no suplemento,<strong> ingredientes n\u00e3o listados no r\u00f3tulo.<\/strong><\/p>\n\n\n\n<p>A situa\u00e7\u00e3o resulta em grave risco para indiv\u00edduos que devem evitar o gl\u00faten. Assim, a Anvisa determinou o recolhimento imediato do lote afetado. A medida \u00e9 parte de um esfor\u00e7o cont\u00ednuo para garantir que produtos no mercado atendam \u00e0s normas de seguran\u00e7a e limitem o risco de consumo inseguro.<\/p>\n\n\n\n<p>A suspens\u00e3o impacta diretamente a<strong> SFS Alimentos Ltda, <\/strong>fabricante do suplemento, e repercute no setor de suplementos proteicos. O incidente evidencia a necessidade de uma fiscaliza\u00e7\u00e3o rigorosa e cont\u00ednua das pr\u00e1ticas de rotulagem.<\/p>\n\n\n\n<p>Para muitos consumidores, a confiabilidade das informa\u00e7\u00f5es nos r\u00f3tulos \u00e9 crucial para decis\u00f5es relacionadas \u00e0 sa\u00fade.&nbsp;<\/p>\n\n\n\n<h2 class=\"wp-block-heading\">Medidas adotadas pela Anvisa<\/h2>\n\n\n\n<p>A Anvisa ordenou a imediata retirada das unidades do lote 2408J5 do mercado. Caso a empresa n\u00e3o cumpra a determina\u00e7\u00e3o, enfrenta poss\u00edveis <strong>penalidades severas. <\/strong>Essas a\u00e7\u00f5es da Anvisa reafirmam seu compromisso com a sa\u00fade p\u00fablica, utilizando protocolos de fiscaliza\u00e7\u00e3o para proteger os consumidores de componentes indesejados e assegurar a transpar\u00eancia das empresas nas informa\u00e7\u00f5es fornecidas aos clientes.<\/p>\n\n\n\n<p>At\u00e9 o momento, a suspens\u00e3o \u00e9 restrita ao lote espec\u00edfico. Companhias semelhantes s\u00e3o incentivadas a revisar suas pr\u00e1ticas de rotulagem para obedecer estritas regulamenta\u00e7\u00f5es sanit\u00e1rias.&nbsp;<\/p>\n","protected":false},"excerpt":{"rendered":"<p>An\u00fancio da ag\u00eancia pegou clientes da marca de surpresa. Motivo da suspens\u00e3o foi revelado.<\/p>\n","protected":false},"author":12,"featured_media":11962,"comment_status":"closed","ping_status":"closed","sticky":false,"template":"","format":"standard","meta":{"jnews-multi-image_gallery":[],"jnews_single_post":{"format":"standard"},"jnews_primary_category":[],"jnews_social_meta":[],"jnews_override_counter":[],"jnews_post_split":[],"footnotes":""},"categories":[1],"tags":[],"class_list":["post-11959","post","type-post","status-publish","format-standard","has-post-thumbnail","hentry","category-geral"],"_referencia":"","_links":{"self":[{"href":"https:\/\/diariodocomercio.com.br\/mix\/wp-json\/wp\/v2\/posts\/11959","targetHints":{"allow":["GET"]}}],"collection":[{"href":"https:\/\/diariodocomercio.com.br\/mix\/wp-json\/wp\/v2\/posts"}],"about":[{"href":"https:\/\/diariodocomercio.com.br\/mix\/wp-json\/wp\/v2\/types\/post"}],"author":[{"embeddable":true,"href":"https:\/\/diariodocomercio.com.br\/mix\/wp-json\/wp\/v2\/users\/12"}],"replies":[{"embeddable":true,"href":"https:\/\/diariodocomercio.com.br\/mix\/wp-json\/wp\/v2\/comments?post=11959"}],"version-history":[{"count":1,"href":"https:\/\/diariodocomercio.com.br\/mix\/wp-json\/wp\/v2\/posts\/11959\/revisions"}],"predecessor-version":[{"id":11963,"href":"https:\/\/diariodocomercio.com.br\/mix\/wp-json\/wp\/v2\/posts\/11959\/revisions\/11963"}],"wp:featuredmedia":[{"embeddable":true,"href":"https:\/\/diariodocomercio.com.br\/mix\/wp-json\/wp\/v2\/media\/11962"}],"wp:attachment":[{"href":"https:\/\/diariodocomercio.com.br\/mix\/wp-json\/wp\/v2\/media?parent=11959"}],"wp:term":[{"taxonomy":"category","embeddable":true,"href":"https:\/\/diariodocomercio.com.br\/mix\/wp-json\/wp\/v2\/categories?post=11959"},{"taxonomy":"post_tag","embeddable":true,"href":"https:\/\/diariodocomercio.com.br\/mix\/wp-json\/wp\/v2\/tags?post=11959"}],"curies":[{"name":"wp","href":"https:\/\/api.w.org\/{rel}","templated":true}]}}