{"id":11972,"date":"2025-07-04T18:59:00","date_gmt":"2025-07-04T21:59:00","guid":{"rendered":"https:\/\/diariodocomercio.com.br\/mix\/?p=11972"},"modified":"2025-07-04T17:58:21","modified_gmt":"2025-07-04T20:58:21","slug":"saiba-quando-e-comemorado-o-dia-mundial-do-chocolate","status":"publish","type":"post","link":"https:\/\/diariodocomercio.com.br\/mix\/saiba-quando-e-comemorado-o-dia-mundial-do-chocolate\/","title":{"rendered":"Saiba quando \u00e9 comemorado o Dia Mundial do Chocolate"},"content":{"rendered":"\n<p>Explorar as del\u00edcias de<strong> chocolate <\/strong>em Niter\u00f3i torna-se essencial durante o Dia Mundial do Chocolate, celebrado anualmente em<strong> 7 de julho. <\/strong>Na cidade, diversos estabelecimentos se preparam para oferecer uma vasta gama de iguarias \u00e0 base de cacau.<\/p>\n\n\n\n<p>As ofertas incluem sobremesas cl\u00e1ssicas e inova\u00e7\u00f5es culin\u00e1rias. Restaurantes locais e docerias, como Da Vinci\u2019s Cafeteria e Kopenhagen, surpreendem com op\u00e7\u00f5es exclusivas, como o Bolo Vulc\u00e3o e produtos de chocolate.<\/p>\n\n\n\n<p>Durante esta celebra\u00e7\u00e3o, Niter\u00f3i transforma-se em um destino atrativo para choc\u00f3latras. Os locais destacam-se pela criatividade, preparando pratos e bebidas que valorizam a versatilidade do chocolate. Embora n\u00e3o se documentem cervejas feitas com chocolate especificamente para a data, algumas cervejarias locais da cidade exploram misturas criativas.&nbsp;<\/p>\n\n\n\n<h2 class=\"wp-block-heading\">Tend\u00eancias gastron\u00f4micas de chocolate<\/h2>\n\n\n\n<p>O evento fornece uma oportunidade para conhecer sobremesas sofisticadas em Niter\u00f3i. As confeitarias locais oferecem tortas com camadas diversas e sabores marcantes.<\/p>\n\n\n\n<p>A popularidade das sobremesas inusitadas que combinam diferentes teores de cacau continua a crescer. As<strong> bebidas quentes<\/strong> tamb\u00e9m ganham destaque, com chocolates gourmet elevando as experi\u00eancias gustativas no inverno.<\/p>\n\n\n\n<p>Festividades como a do Dia Mundial do Chocolate incentivam as experimenta\u00e7\u00f5es. Os fondues de chocolate emergem como favoritos para reunir familiares e amigos, enquanto preservam o chocolate no centro das aten\u00e7\u00f5es.&nbsp;<\/p>\n\n\n\n<p>As op\u00e7\u00f5es de bebidas \u00e0 base de chocolate em Niter\u00f3i se destacam no inverno. Chocolates quentes, frequentemente incrementados com avel\u00e3s ou caramelo, s\u00e3o ofertados em muitos caf\u00e9s.&nbsp;<\/p>\n","protected":false},"excerpt":{"rendered":"<p>Data \u00e9 mundialmente reconhecida. Estabelecimentos anunciaram inova\u00e7\u00f5es.<\/p>\n","protected":false},"author":12,"featured_media":11973,"comment_status":"closed","ping_status":"closed","sticky":false,"template":"","format":"standard","meta":{"jnews-multi-image_gallery":[],"jnews_single_post":{"format":"standard"},"jnews_primary_category":[],"jnews_social_meta":[],"jnews_override_counter":[],"jnews_post_split":[],"footnotes":""},"categories":[1],"tags":[],"class_list":["post-11972","post","type-post","status-publish","format-standard","has-post-thumbnail","hentry","category-geral"],"_referencia":"","_links":{"self":[{"href":"https:\/\/diariodocomercio.com.br\/mix\/wp-json\/wp\/v2\/posts\/11972","targetHints":{"allow":["GET"]}}],"collection":[{"href":"https:\/\/diariodocomercio.com.br\/mix\/wp-json\/wp\/v2\/posts"}],"about":[{"href":"https:\/\/diariodocomercio.com.br\/mix\/wp-json\/wp\/v2\/types\/post"}],"author":[{"embeddable":true,"href":"https:\/\/diariodocomercio.com.br\/mix\/wp-json\/wp\/v2\/users\/12"}],"replies":[{"embeddable":true,"href":"https:\/\/diariodocomercio.com.br\/mix\/wp-json\/wp\/v2\/comments?post=11972"}],"version-history":[{"count":1,"href":"https:\/\/diariodocomercio.com.br\/mix\/wp-json\/wp\/v2\/posts\/11972\/revisions"}],"predecessor-version":[{"id":11974,"href":"https:\/\/diariodocomercio.com.br\/mix\/wp-json\/wp\/v2\/posts\/11972\/revisions\/11974"}],"wp:featuredmedia":[{"embeddable":true,"href":"https:\/\/diariodocomercio.com.br\/mix\/wp-json\/wp\/v2\/media\/11973"}],"wp:attachment":[{"href":"https:\/\/diariodocomercio.com.br\/mix\/wp-json\/wp\/v2\/media?parent=11972"}],"wp:term":[{"taxonomy":"category","embeddable":true,"href":"https:\/\/diariodocomercio.com.br\/mix\/wp-json\/wp\/v2\/categories?post=11972"},{"taxonomy":"post_tag","embeddable":true,"href":"https:\/\/diariodocomercio.com.br\/mix\/wp-json\/wp\/v2\/tags?post=11972"}],"curies":[{"name":"wp","href":"https:\/\/api.w.org\/{rel}","templated":true}]}}