{"id":13656,"date":"2025-07-22T11:06:26","date_gmt":"2025-07-22T14:06:26","guid":{"rendered":"https:\/\/diariodocomercio.com.br\/mix\/?p=13656"},"modified":"2025-07-22T11:06:28","modified_gmt":"2025-07-22T14:06:28","slug":"video-mostra-larvas-em-ketchup-do-mcdonalds-e-revolta-consumidores","status":"publish","type":"post","link":"https:\/\/diariodocomercio.com.br\/mix\/video-mostra-larvas-em-ketchup-do-mcdonalds-e-revolta-consumidores\/","title":{"rendered":"V\u00eddeo mostra larvas em ketchup do McDonald&#8217;s e revolta consumidores"},"content":{"rendered":"\n<p><strong>Larvas<\/strong> foram encontradas em um recipiente de ketchup em uma unidade do <strong>McDonald&#8217;s <\/strong>localizada na Taquara, zona oeste do Rio de Janeiro. A descoberta aconteceu na semana passada, quando a cliente Marcella Loureiro filmou o incidente e compartilhou o v\u00eddeo nas redes sociais.<\/p>\n\n\n\n<p>As imagens rapidamente viralizaram, superando cinco milh\u00f5es de visualiza\u00e7\u00f5es. O caso levantou preocupa\u00e7\u00f5es sobre as pr\u00e1ticas de higiene na popular rede de fast food.<\/p>\n\n\n\n<p>No v\u00eddeo, que gerou uma s\u00e9rie de coment\u00e1rios preocupados, as larvas s\u00e3o vistas em movimento no recipiente de ketchup. Isso provocou questionamentos entre consumidores sobre a efici\u00eancia dos protocolos de limpeza adotados pela rede.<\/p>\n\n\n\n<p>Marcella Loureiro, que fez a grava\u00e7\u00e3o, disse que as larvas foram vistas ao tentar utilizar o dispenser para seu lanche. O conte\u00fado rapidamente se espalhou.<\/p>\n\n\n\n<p>O incidente contribuiu para um aumento no debate sobre a higiene em estabelecimentos de fast food. Muitos clientes expressaram insatisfa\u00e7\u00e3o e preocupa\u00e7\u00e3o quanto \u00e0 qualidade do servi\u00e7o oferecido.&nbsp;<\/p>\n\n\n\n<p><strong>Veja o v\u00eddeo:<\/strong><\/p>\n\n\n\n<figure class=\"wp-block-embed is-type-rich is-provider-twitter wp-block-embed-twitter\"><div class=\"wp-block-embed__wrapper\">\n<blockquote class=\"twitter-tweet\" data-width=\"500\" data-dnt=\"true\"><p lang=\"pt\" dir=\"ltr\">\ud83d\udea8 Veja l Cliente registra larvas em ketchup do Mc Donald&#39;s em loja no RJ <a href=\"https:\/\/t.co\/yaCrjb20Uj\" target=\"_blank\">pic.twitter.com\/yaCrjb20Uj<\/a><\/p>&mdash; Not\u00edcias Paralelas (@NP__Oficial) <a href=\"https:\/\/twitter.com\/NP__Oficial\/status\/1946208196474896798?ref_src=twsrc%5Etfw\" target=\"_blank\" rel=\"noopener\">July 18, 2025<\/a><\/blockquote><script async src=\"https:\/\/platform.twitter.com\/widgets.js\" charset=\"utf-8\"><\/script>\n<\/div><\/figure>\n\n\n\n<h2 class=\"wp-block-heading\">Posi\u00e7\u00e3o do McDonald&#8217;s<\/h2>\n\n\n\n<p>O McDonald&#8217;s respondeu ao incidente por meio de nota oficial. A empresa afirmou que<strong> est\u00e1 investigando o caso detalhadamente,<\/strong> mas mencionou que a falta de informa\u00e7\u00f5es precisas sobre o ocorrido torna a determina\u00e7\u00e3o das causas do problema mais complexa.<\/p>\n\n\n\n<p>A rede ressaltou que segue procedimentos rigorosos de limpeza e seguran\u00e7a alimentar, refor\u00e7ados periodicamente, para evitar incidentes semelhantes.<\/p>\n","protected":false},"excerpt":{"rendered":"<p>Caso ocorreu no Brasil. Veja o v\u00eddeo.<\/p>\n","protected":false},"author":12,"featured_media":11206,"comment_status":"closed","ping_status":"closed","sticky":false,"template":"","format":"standard","meta":{"jnews-multi-image_gallery":[],"jnews_single_post":{"format":"standard"},"jnews_primary_category":[],"jnews_social_meta":[],"jnews_override_counter":[],"jnews_post_split":[],"footnotes":""},"categories":[1],"tags":[],"class_list":["post-13656","post","type-post","status-publish","format-standard","has-post-thumbnail","hentry","category-geral"],"_referencia":"","_links":{"self":[{"href":"https:\/\/diariodocomercio.com.br\/mix\/wp-json\/wp\/v2\/posts\/13656","targetHints":{"allow":["GET"]}}],"collection":[{"href":"https:\/\/diariodocomercio.com.br\/mix\/wp-json\/wp\/v2\/posts"}],"about":[{"href":"https:\/\/diariodocomercio.com.br\/mix\/wp-json\/wp\/v2\/types\/post"}],"author":[{"embeddable":true,"href":"https:\/\/diariodocomercio.com.br\/mix\/wp-json\/wp\/v2\/users\/12"}],"replies":[{"embeddable":true,"href":"https:\/\/diariodocomercio.com.br\/mix\/wp-json\/wp\/v2\/comments?post=13656"}],"version-history":[{"count":1,"href":"https:\/\/diariodocomercio.com.br\/mix\/wp-json\/wp\/v2\/posts\/13656\/revisions"}],"predecessor-version":[{"id":13665,"href":"https:\/\/diariodocomercio.com.br\/mix\/wp-json\/wp\/v2\/posts\/13656\/revisions\/13665"}],"wp:featuredmedia":[{"embeddable":true,"href":"https:\/\/diariodocomercio.com.br\/mix\/wp-json\/wp\/v2\/media\/11206"}],"wp:attachment":[{"href":"https:\/\/diariodocomercio.com.br\/mix\/wp-json\/wp\/v2\/media?parent=13656"}],"wp:term":[{"taxonomy":"category","embeddable":true,"href":"https:\/\/diariodocomercio.com.br\/mix\/wp-json\/wp\/v2\/categories?post=13656"},{"taxonomy":"post_tag","embeddable":true,"href":"https:\/\/diariodocomercio.com.br\/mix\/wp-json\/wp\/v2\/tags?post=13656"}],"curies":[{"name":"wp","href":"https:\/\/api.w.org\/{rel}","templated":true}]}}