{"id":13670,"date":"2025-07-22T11:50:31","date_gmt":"2025-07-22T14:50:31","guid":{"rendered":"https:\/\/diariodocomercio.com.br\/mix\/?p=13670"},"modified":"2025-07-22T11:50:35","modified_gmt":"2025-07-22T14:50:35","slug":"bolsa-familia-passa-por-ajustes-e-vai-alcancar-mais-brasileiros-em-2025","status":"publish","type":"post","link":"https:\/\/diariodocomercio.com.br\/mix\/bolsa-familia-passa-por-ajustes-e-vai-alcancar-mais-brasileiros-em-2025\/","title":{"rendered":"Bolsa Fam\u00edlia passa por ajustes e vai alcan\u00e7ar mais brasileiros em 2025"},"content":{"rendered":"\n<p>O <strong>Programa Bolsa Fam\u00edlia<\/strong>, um dos principais sistemas de assist\u00eancia social do Brasil, passa por mudan\u00e7as em 2025 ao incluir novos grupos vulner\u00e1veis como prioridade. Esta atualiza\u00e7\u00e3o, formalizada pela Portaria n\u00b0 1.907, emitida pelo Minist\u00e9rio do Desenvolvimento Social, entrou em vigor neste m\u00eas de julho e tem validade nacional.<\/p>\n\n\n\n<p>O objetivo \u00e9 fortalecer a prote\u00e7\u00e3o social e ampliar o acesso ao programa, abrangendo fam\u00edlias em condi\u00e7\u00f5es de extrema vulnerabilidade.<\/p>\n\n\n\n<p>A atualiza\u00e7\u00e3o dos crit\u00e9rios do Bolsa Fam\u00edlia inclui como prioridade fam\u00edlias com integrantes em <strong>situa\u00e7\u00e3o de rua, <\/strong>em <strong>risco social <\/strong>devido a viola\u00e7\u00f5es de direitos ou <strong>inseguran\u00e7a alimentar.<\/strong> O cadastro destas fam\u00edlias \u00e9 feito atrav\u00e9s do Cadastro \u00danico, garantindo que o benef\u00edcio chegue a quem realmente precisa.<\/p>\n\n\n\n<h2 class=\"wp-block-heading\">Outras pol\u00edticas sociais<\/h2>\n\n\n\n<p>A estrat\u00e9gia adotada pelo Bolsa Fam\u00edlia vai al\u00e9m da distribui\u00e7\u00e3o de renda. A integra\u00e7\u00e3o com outros programas sociais, como os de sa\u00fade e educa\u00e7\u00e3o, assegura que fam\u00edlias em risco social tenham acesso a uma rede cont\u00ednua de suporte.<\/p>\n\n\n\n<p>Essa abordagem multidimensional busca monitorar e prevenir situa\u00e7\u00f5es cr\u00edticas, como desnutri\u00e7\u00e3o, evas\u00e3o escolar e viola\u00e7\u00f5es de direitos humanos, fortalecendo a rede de prote\u00e7\u00e3o social no pa\u00eds.<\/p>\n\n\n\n<h2 class=\"wp-block-heading\">Crit\u00e9rios de elegibilidade rigorosos<\/h2>\n\n\n\n<p>Para que novos grupos acessem o Bolsa Fam\u00edlia, s\u00e3o aplicados crit\u00e9rios de elegibilidade mais rigorosos. As fam\u00edlias devem manter seus <strong>registros no Cadastro \u00danico atualizados<\/strong> e comprovar <strong>renda mensal per capita de at\u00e9 R$ 218.&nbsp;<\/strong><\/p>\n\n\n\n<p>O Bolsa Fam\u00edlia tamb\u00e9m paga um acr\u00e9scimo de R$ 50 a gestantes e nutrizes (m\u00e3es que amamentam), um de R$ 50 a cada filho de 7 a 18 anos e um de R$ 150 a cada crian\u00e7a de at\u00e9 6 anos.<\/p>\n\n\n\n<p>Os saques do benef\u00edcio podem ser realizados nas ag\u00eancias da Caixa Econ\u00f4mica Federal, casas lot\u00e9ricas e correspondentes Caixa Aqui. A movimenta\u00e7\u00e3o dos valores pode ser feita atrav\u00e9s do<strong> aplicativo Caixa Tem<\/strong>.<\/p>\n","protected":false},"excerpt":{"rendered":"<p>Novos cadastros est\u00e3o sendo realizados. Veja os requisitos necess\u00e1rios para se inscrever.<\/p>\n","protected":false},"author":12,"featured_media":10543,"comment_status":"closed","ping_status":"closed","sticky":false,"template":"","format":"standard","meta":{"jnews-multi-image_gallery":[],"jnews_single_post":{"format":"standard"},"jnews_primary_category":[],"jnews_social_meta":[],"jnews_override_counter":[],"jnews_post_split":[],"footnotes":""},"categories":[1],"tags":[],"class_list":["post-13670","post","type-post","status-publish","format-standard","has-post-thumbnail","hentry","category-geral"],"_referencia":"","_links":{"self":[{"href":"https:\/\/diariodocomercio.com.br\/mix\/wp-json\/wp\/v2\/posts\/13670","targetHints":{"allow":["GET"]}}],"collection":[{"href":"https:\/\/diariodocomercio.com.br\/mix\/wp-json\/wp\/v2\/posts"}],"about":[{"href":"https:\/\/diariodocomercio.com.br\/mix\/wp-json\/wp\/v2\/types\/post"}],"author":[{"embeddable":true,"href":"https:\/\/diariodocomercio.com.br\/mix\/wp-json\/wp\/v2\/users\/12"}],"replies":[{"embeddable":true,"href":"https:\/\/diariodocomercio.com.br\/mix\/wp-json\/wp\/v2\/comments?post=13670"}],"version-history":[{"count":1,"href":"https:\/\/diariodocomercio.com.br\/mix\/wp-json\/wp\/v2\/posts\/13670\/revisions"}],"predecessor-version":[{"id":13673,"href":"https:\/\/diariodocomercio.com.br\/mix\/wp-json\/wp\/v2\/posts\/13670\/revisions\/13673"}],"wp:featuredmedia":[{"embeddable":true,"href":"https:\/\/diariodocomercio.com.br\/mix\/wp-json\/wp\/v2\/media\/10543"}],"wp:attachment":[{"href":"https:\/\/diariodocomercio.com.br\/mix\/wp-json\/wp\/v2\/media?parent=13670"}],"wp:term":[{"taxonomy":"category","embeddable":true,"href":"https:\/\/diariodocomercio.com.br\/mix\/wp-json\/wp\/v2\/categories?post=13670"},{"taxonomy":"post_tag","embeddable":true,"href":"https:\/\/diariodocomercio.com.br\/mix\/wp-json\/wp\/v2\/tags?post=13670"}],"curies":[{"name":"wp","href":"https:\/\/api.w.org\/{rel}","templated":true}]}}