{"id":13851,"date":"2025-07-23T14:01:50","date_gmt":"2025-07-23T17:01:50","guid":{"rendered":"https:\/\/diariodocomercio.com.br\/mix\/?p=13851"},"modified":"2025-07-23T14:01:52","modified_gmt":"2025-07-23T17:01:52","slug":"bares-e-restaurantes-devem-ficar-absurdamente-caros-no-brasil-nos-proximos-meses-entenda","status":"publish","type":"post","link":"https:\/\/diariodocomercio.com.br\/mix\/bares-e-restaurantes-devem-ficar-absurdamente-caros-no-brasil-nos-proximos-meses-entenda\/","title":{"rendered":"Bares e restaurantes devem ficar absurdamente caros no Brasil nos pr\u00f3ximos meses; entenda"},"content":{"rendered":"\n<p>A recente decis\u00e3o dos Estados Unidos de impor uma<strong> tarifa de 50% sobre produtos brasileiros<\/strong>, com vig\u00eancia a partir de 1\u00ba de agosto, gera preocupa\u00e7\u00e3o em diversos setores. Entre os mais impactados, est\u00e3o os bares e restaurantes, onde se estima um aumento nos custos de insumos como carnes, latic\u00ednios e bebidas.<\/p>\n\n\n\n<p>Essas mudan\u00e7as refletem diretamente nos <strong>pre\u00e7os finais<\/strong> e nas margens de lucro dos estabelecimentos.<\/p>\n\n\n\n<p>Os setores afetados, especialmente os de alimentos e bebidas, devem enfrentar dificuldades financeiras significativas. A medida tarif\u00e1ria, originada por tens\u00f5es no com\u00e9rcio internacional, representa um desafio adicional para empres\u00e1rios brasileiros que j\u00e1 lidam com um cen\u00e1rio econ\u00f4mico inst\u00e1vel.&nbsp;<\/p>\n\n\n\n<h2 class=\"wp-block-heading\">Estrat\u00e9gias no setor de bares<\/h2>\n\n\n\n<p>O aumento dos custos de mat\u00e9rias-primas amea\u00e7a margens de lucro, j\u00e1 normalmente estreitas, de bares e restaurantes. Um dos efeitos mais not\u00e1veis pode ser a <strong>redu\u00e7\u00e3o de promo\u00e7\u00f5es populares<\/strong>, como drinks em dobro.<\/p>\n\n\n\n<p>Com at\u00e9 30% do faturamento direcionado \u00e0 compra de suprimentos, o setor observa atentamente como poder\u00e1 ajustar suas opera\u00e7\u00f5es para evitar repassar custos ao consumidor.<\/p>\n\n\n\n<p>A valoriza\u00e7\u00e3o do d\u00f3lar, juntamente com as tarifas, pressiona itens essenciais, como a <strong>carne <\/strong>e o<strong> caf\u00e9,<\/strong> fundamentais no card\u00e1pio brasileiro. Os empres\u00e1rios consideram estrat\u00e9gias complexas para equilibrar pre\u00e7os no intuito de manter os clientes sem sacrificar a lucratividade.<\/p>\n\n\n\n<h2 class=\"wp-block-heading\">Consequ\u00eancia para o PIB Nacional<\/h2>\n\n\n\n<p>Al\u00e9m do setor de alimenta\u00e7\u00e3o, a tarifa pode resultar em perdas significativas para a economia do Brasil, estimadas em<strong> at\u00e9 R$ 175 bilh\u00f5es <\/strong>no PIB a longo prazo. Essa retra\u00e7\u00e3o potencial impacta milhares de empregos, aumentando a necessidade de a\u00e7\u00f5es estrat\u00e9gicas governamentais.<\/p>\n\n\n\n<p>Estados como Minas Gerais e Esp\u00edrito Santo est\u00e3o revisando suas pol\u00edticas fiscais e econ\u00f4micas em resposta ao novo cen\u00e1rio.<\/p>\n\n\n\n<p>Os governos locais est\u00e3o analisando medidas contingenciais para estabilizar suas economias, \u00e0 luz de prov\u00e1veis quedas na arrecada\u00e7\u00e3o.&nbsp;<\/p>\n","protected":false},"excerpt":{"rendered":"<p>Situa\u00e7\u00e3o j\u00e1 \u00e9 esperada por empres\u00e1rios e especialistas. Veja os motivos.<\/p>\n","protected":false},"author":12,"featured_media":13852,"comment_status":"closed","ping_status":"closed","sticky":false,"template":"","format":"standard","meta":{"jnews-multi-image_gallery":[],"jnews_single_post":{"format":"standard"},"jnews_primary_category":[],"jnews_social_meta":[],"jnews_override_counter":[],"jnews_post_split":[],"footnotes":""},"categories":[1],"tags":[],"class_list":["post-13851","post","type-post","status-publish","format-standard","has-post-thumbnail","hentry","category-geral"],"_referencia":"","_links":{"self":[{"href":"https:\/\/diariodocomercio.com.br\/mix\/wp-json\/wp\/v2\/posts\/13851","targetHints":{"allow":["GET"]}}],"collection":[{"href":"https:\/\/diariodocomercio.com.br\/mix\/wp-json\/wp\/v2\/posts"}],"about":[{"href":"https:\/\/diariodocomercio.com.br\/mix\/wp-json\/wp\/v2\/types\/post"}],"author":[{"embeddable":true,"href":"https:\/\/diariodocomercio.com.br\/mix\/wp-json\/wp\/v2\/users\/12"}],"replies":[{"embeddable":true,"href":"https:\/\/diariodocomercio.com.br\/mix\/wp-json\/wp\/v2\/comments?post=13851"}],"version-history":[{"count":1,"href":"https:\/\/diariodocomercio.com.br\/mix\/wp-json\/wp\/v2\/posts\/13851\/revisions"}],"predecessor-version":[{"id":13853,"href":"https:\/\/diariodocomercio.com.br\/mix\/wp-json\/wp\/v2\/posts\/13851\/revisions\/13853"}],"wp:featuredmedia":[{"embeddable":true,"href":"https:\/\/diariodocomercio.com.br\/mix\/wp-json\/wp\/v2\/media\/13852"}],"wp:attachment":[{"href":"https:\/\/diariodocomercio.com.br\/mix\/wp-json\/wp\/v2\/media?parent=13851"}],"wp:term":[{"taxonomy":"category","embeddable":true,"href":"https:\/\/diariodocomercio.com.br\/mix\/wp-json\/wp\/v2\/categories?post=13851"},{"taxonomy":"post_tag","embeddable":true,"href":"https:\/\/diariodocomercio.com.br\/mix\/wp-json\/wp\/v2\/tags?post=13851"}],"curies":[{"name":"wp","href":"https:\/\/api.w.org\/{rel}","templated":true}]}}