{"id":1464,"date":"2025-02-02T15:40:39","date_gmt":"2025-02-02T18:40:39","guid":{"rendered":"https:\/\/diariodocomercio.com.br\/mix\/?p=1464"},"modified":"2025-01-31T20:02:34","modified_gmt":"2025-01-31T23:02:34","slug":"brasil-tem-5-praias-entre-as-melhores-do-mundo","status":"publish","type":"post","link":"https:\/\/diariodocomercio.com.br\/mix\/brasil-tem-5-praias-entre-as-melhores-do-mundo\/","title":{"rendered":"Brasil tem 5 praias entre as melhores do mundo"},"content":{"rendered":"\n<p>N\u00e3o \u00e9 novidade que o Brasil esbanja belezas naturais e sua costa litor\u00e2nea \u00e9 um dos principais atrativos para n\u00f3s e para os turistas internacionais. De acordo com o Travellers&#8217; Choice 2024, premia\u00e7\u00e3o que destaca quais s\u00e3o os destinos preferidos por viajantes em todo o mundo, o Brasil apareceu tr\u00eas vezes na lista, mostrando sua pot\u00eancia nesse ramo.&nbsp;<\/p>\n\n\n\n<p>Para definir esses destinos, foram analisadas as condi\u00e7\u00f5es das praias, por ter areias douradas, orlas rochosas e principalmente, \u00e1guas cristalinas. Para chegar ao resultado, foram avaliados as opini\u00f5es positivas da comunidade do Tripadvisor em um per\u00edodo de 12 meses.&nbsp;<\/p>\n\n\n\n<h2 class=\"wp-block-heading\">Confira abaixo quais s\u00e3o as praias do Brasil preferidas pelos turistas\u00a0<\/h2>\n\n\n\n<p>Quem est\u00e1 na lista \u00e9 a famosa Praia de Ipanema, no Rio de Janeiro, que foi considerada a Melhor Praia da Am\u00e9rica do Sul e a 17\u00aa no mundo. Enquanto isso, a Praia de Muro Alto, em Porto de Galinhas (PE), e a Ba\u00eda dos Golfinhos, localizada na Praia de Pipa, no Rio Grande do Norte, ficaram em segundo e terceiro lugares, respectivamente<\/p>\n\n\n\n<p>Na quinta posi\u00e7\u00e3o ficou a Ba\u00eda do Sancho, em Fernando de Noronha (PE), seguida por Praia do Espelho, em Trancoso (BA), em nono lugar de melhor praia da Am\u00e9rica do Sul.<\/p>\n\n\n\n<h2 class=\"wp-block-heading\"><strong>Fatores que destacam essas praias\u00a0<\/strong><\/h2>\n\n\n\n<p>Al\u00e9m de ter uma beleza natural, as praias se destacaram para turistas internacionais por terem uma infraestrutura completa, com hot\u00e9is, restaurantes e atividades, enquanto outras s\u00e3o mais isoladas. Por ter um territ\u00f3rio litor\u00e2neo extenso, \u00e9 poss\u00edvel encontrar praias de todos os gostos: para quem quer surfar, ficar tranquilo com \u00e1guas calmas ou at\u00e9 mesmo piscinas naturais.&nbsp;&nbsp;<\/p>\n","protected":false},"excerpt":{"rendered":"<p>N\u00e3o \u00e9 novidade que o Brasil esbanja belezas naturais e sua costa litor\u00e2nea \u00e9 um dos principais atrativos para n\u00f3s e para os turistas internacionais. De acordo com o Travellers&#8217; Choice 2024, premia\u00e7\u00e3o que destaca quais s\u00e3o os destinos preferidos por viajantes em todo o mundo, o Brasil apareceu tr\u00eas vezes na lista, mostrando sua [&hellip;]<\/p>\n","protected":false},"author":7,"featured_media":1465,"comment_status":"closed","ping_status":"closed","sticky":false,"template":"","format":"standard","meta":{"jnews-multi-image_gallery":[],"jnews_single_post":{"format":"standard"},"jnews_primary_category":[],"jnews_social_meta":[],"jnews_override_counter":[],"jnews_post_split":[],"footnotes":""},"categories":[1],"tags":[],"class_list":["post-1464","post","type-post","status-publish","format-standard","has-post-thumbnail","hentry","category-geral"],"_referencia":"","_links":{"self":[{"href":"https:\/\/diariodocomercio.com.br\/mix\/wp-json\/wp\/v2\/posts\/1464","targetHints":{"allow":["GET"]}}],"collection":[{"href":"https:\/\/diariodocomercio.com.br\/mix\/wp-json\/wp\/v2\/posts"}],"about":[{"href":"https:\/\/diariodocomercio.com.br\/mix\/wp-json\/wp\/v2\/types\/post"}],"author":[{"embeddable":true,"href":"https:\/\/diariodocomercio.com.br\/mix\/wp-json\/wp\/v2\/users\/7"}],"replies":[{"embeddable":true,"href":"https:\/\/diariodocomercio.com.br\/mix\/wp-json\/wp\/v2\/comments?post=1464"}],"version-history":[{"count":1,"href":"https:\/\/diariodocomercio.com.br\/mix\/wp-json\/wp\/v2\/posts\/1464\/revisions"}],"predecessor-version":[{"id":1466,"href":"https:\/\/diariodocomercio.com.br\/mix\/wp-json\/wp\/v2\/posts\/1464\/revisions\/1466"}],"wp:featuredmedia":[{"embeddable":true,"href":"https:\/\/diariodocomercio.com.br\/mix\/wp-json\/wp\/v2\/media\/1465"}],"wp:attachment":[{"href":"https:\/\/diariodocomercio.com.br\/mix\/wp-json\/wp\/v2\/media?parent=1464"}],"wp:term":[{"taxonomy":"category","embeddable":true,"href":"https:\/\/diariodocomercio.com.br\/mix\/wp-json\/wp\/v2\/categories?post=1464"},{"taxonomy":"post_tag","embeddable":true,"href":"https:\/\/diariodocomercio.com.br\/mix\/wp-json\/wp\/v2\/tags?post=1464"}],"curies":[{"name":"wp","href":"https:\/\/api.w.org\/{rel}","templated":true}]}}