{"id":14933,"date":"2025-08-01T18:41:00","date_gmt":"2025-08-01T21:41:00","guid":{"rendered":"https:\/\/diariodocomercio.com.br\/mix\/?p=14933"},"modified":"2025-08-01T18:22:43","modified_gmt":"2025-08-01T21:22:43","slug":"veja-o-calendario-de-feriados-e-pontos-facultativos-de-agosto","status":"publish","type":"post","link":"https:\/\/diariodocomercio.com.br\/mix\/veja-o-calendario-de-feriados-e-pontos-facultativos-de-agosto\/","title":{"rendered":"Veja o calend\u00e1rio de feriados e pontos facultativos de agosto"},"content":{"rendered":"\n<p>O m\u00eas de agosto de 2025<strong> n\u00e3o conta com feriados nacionais<\/strong> no calend\u00e1rio oficial. No entanto, uma das datas comemorativas mais lembradas do per\u00edodo \u00e9 o <strong>Dia dos Pais, <\/strong>celebrado anualmente no segundo domingo do m\u00eas, que neste ano cai em 10 de agosto. A ocasi\u00e3o, contudo, n\u00e3o configura feriado.<\/p>\n\n\n\n<p>Embora n\u00e3o haja feriados nacionais, alguns estados e munic\u00edpios brasileiros realizam celebra\u00e7\u00f5es oficiais no m\u00eas. Entre os <strong>feriados estaduais,<\/strong> est\u00e3o:<\/p>\n\n\n\n<ul class=\"wp-block-list\">\n<li>Para\u00edba: 5 de agosto \u2013 Funda\u00e7\u00e3o do Estado e anivers\u00e1rio da capital, Jo\u00e3o Pessoa;<\/li>\n\n\n\n<li>Rio Grande do Norte: 7 de agosto \u2013 Anivers\u00e1rio da cria\u00e7\u00e3o do Estado;<\/li>\n\n\n\n<li>Par\u00e1: 15 de agosto \u2013 Data da ades\u00e3o do Estado \u00e0 Independ\u00eancia do Brasil;<\/li>\n\n\n\n<li>Tocantins: 15 de agosto \u2013 Dia do Senhor do Bonfim.<\/li>\n<\/ul>\n\n\n\n<p>Tamb\u00e9m h\u00e1 registros de feriados municipais durante o m\u00eas:<\/p>\n\n\n\n<ul class=\"wp-block-list\">\n<li>Belo Horizonte (MG): 15 de agosto \u2013 Dia da padroeira da cidade, Assun\u00e7\u00e3o de Nossa Senhora;<\/li>\n\n\n\n<li>Campo Grande (MS): 26 de agosto \u2013 Anivers\u00e1rio da capital sul-mato-grossense;<\/li>\n\n\n\n<li>Macei\u00f3 (AL): 27 de agosto \u2013 Dia da padroeira da cidade, Nossa Senhora dos Prazeres.<\/li>\n<\/ul>\n\n\n\n<p>Al\u00e9m dessas datas, o m\u00eas tamb\u00e9m contempla comemora\u00e7\u00f5es de alcance nacional e internacional:<\/p>\n\n\n\n<ul class=\"wp-block-list\">\n<li>5 de agosto \u2013 Dia Nacional da Sa\u00fade;<\/li>\n\n\n\n<li>6 de agosto \u2013 Dia Nacional dos Profissionais da Educa\u00e7\u00e3o;<\/li>\n\n\n\n<li>9 de agosto \u2013 Dia Internacional dos Povos Ind\u00edgenas;<\/li>\n\n\n\n<li>11 de agosto \u2013 Dia do Estudante;<\/li>\n\n\n\n<li>18 de agosto \u2013 Dia do Estagi\u00e1rio;<\/li>\n\n\n\n<li>26 de agosto \u2013 Dia Internacional da Igualdade da Mulher.<\/li>\n<\/ul>\n\n\n\n<h2 class=\"wp-block-heading\">Pr\u00f3ximos feriados at\u00e9 o fim de 2025<\/h2>\n\n\n\n<p>O restante do ano ainda reserva<strong> nove datas <\/strong>entre feriados nacionais e pontos facultativos. Confira:<\/p>\n\n\n\n<ul class=\"wp-block-list\">\n<li>7 de setembro \u2013 Independ\u00eancia do Brasil (feriado nacional);<\/li>\n\n\n\n<li>12 de outubro \u2013 Nossa Senhora Aparecida (feriado nacional);<\/li>\n\n\n\n<li>28 de outubro \u2013 Dia do Servidor P\u00fablico Federal (ponto facultativo);<\/li>\n\n\n\n<li>2 de novembro \u2013 Finados (feriado nacional);<\/li>\n\n\n\n<li>5 de novembro \u2013 Proclama\u00e7\u00e3o da Rep\u00fablica (feriado nacional);<\/li>\n\n\n\n<li>20 de novembro \u2013 Dia Nacional de Zumbi e da Consci\u00eancia Negra (feriado nacional);<\/li>\n\n\n\n<li>24 de dezembro \u2013 V\u00e9spera de Natal (ponto facultativo ap\u00f3s as 13h);<\/li>\n\n\n\n<li>25 de dezembro \u2013 Natal (feriado nacional);<\/li>\n\n\n\n<li>31 de dezembro \u2013 V\u00e9spera de Ano Novo (ponto facultativo ap\u00f3s as 13h).<\/li>\n<\/ul>\n\n\n\n<p>Apesar da aus\u00eancia de feriados nacionais, agosto se destaca pela diversidade de datas comemorativas que incentivam reflex\u00f5es sobre temas sociais, educacionais e de sa\u00fade p\u00fablica.<\/p>\n","protected":false},"excerpt":{"rendered":"<p>Pelo menos 4 feriados s\u00e3o esperados para o m\u00eas. Veja em quais dias.<\/p>\n","protected":false},"author":12,"featured_media":11470,"comment_status":"closed","ping_status":"closed","sticky":false,"template":"","format":"standard","meta":{"jnews-multi-image_gallery":[],"jnews_single_post":{"format":"standard"},"jnews_primary_category":[],"jnews_social_meta":[],"jnews_override_counter":[],"jnews_post_split":[],"footnotes":""},"categories":[1],"tags":[],"class_list":["post-14933","post","type-post","status-publish","format-standard","has-post-thumbnail","hentry","category-geral"],"_referencia":"","_links":{"self":[{"href":"https:\/\/diariodocomercio.com.br\/mix\/wp-json\/wp\/v2\/posts\/14933","targetHints":{"allow":["GET"]}}],"collection":[{"href":"https:\/\/diariodocomercio.com.br\/mix\/wp-json\/wp\/v2\/posts"}],"about":[{"href":"https:\/\/diariodocomercio.com.br\/mix\/wp-json\/wp\/v2\/types\/post"}],"author":[{"embeddable":true,"href":"https:\/\/diariodocomercio.com.br\/mix\/wp-json\/wp\/v2\/users\/12"}],"replies":[{"embeddable":true,"href":"https:\/\/diariodocomercio.com.br\/mix\/wp-json\/wp\/v2\/comments?post=14933"}],"version-history":[{"count":1,"href":"https:\/\/diariodocomercio.com.br\/mix\/wp-json\/wp\/v2\/posts\/14933\/revisions"}],"predecessor-version":[{"id":14934,"href":"https:\/\/diariodocomercio.com.br\/mix\/wp-json\/wp\/v2\/posts\/14933\/revisions\/14934"}],"wp:featuredmedia":[{"embeddable":true,"href":"https:\/\/diariodocomercio.com.br\/mix\/wp-json\/wp\/v2\/media\/11470"}],"wp:attachment":[{"href":"https:\/\/diariodocomercio.com.br\/mix\/wp-json\/wp\/v2\/media?parent=14933"}],"wp:term":[{"taxonomy":"category","embeddable":true,"href":"https:\/\/diariodocomercio.com.br\/mix\/wp-json\/wp\/v2\/categories?post=14933"},{"taxonomy":"post_tag","embeddable":true,"href":"https:\/\/diariodocomercio.com.br\/mix\/wp-json\/wp\/v2\/tags?post=14933"}],"curies":[{"name":"wp","href":"https:\/\/api.w.org\/{rel}","templated":true}]}}