{"id":15273,"date":"2025-08-09T09:42:00","date_gmt":"2025-08-09T12:42:00","guid":{"rendered":"https:\/\/diariodocomercio.com.br\/mix\/?p=15273"},"modified":"2025-08-06T11:47:15","modified_gmt":"2025-08-06T14:47:15","slug":"vacina-tao-esperada-por-brasileiros-deve-chegar-ao-sus","status":"publish","type":"post","link":"https:\/\/diariodocomercio.com.br\/mix\/vacina-tao-esperada-por-brasileiros-deve-chegar-ao-sus\/","title":{"rendered":"Vacina t\u00e3o esperada por brasileiros deve chegar ao SUS"},"content":{"rendered":"\n<p>O\u00a0Minist\u00e9rio da Sa\u00fade\u00a0abriu nesta semana uma\u00a0consulta p\u00fablica\u00a0para avaliar a\u00a0inclus\u00e3o da vacina contra meningite meningoc\u00f3cica do tipo B (Meningo B)\u00a0no calend\u00e1rio do Sistema \u00danico de Sa\u00fade (SUS). A medida representa um passo importante para ampliar a prote\u00e7\u00e3o da popula\u00e7\u00e3o contra uma das doen\u00e7as mais graves e letais: a\u00a0meningite bacteriana.<\/p>\n\n\n\n<p>Atualmente, o SUS oferece vacinas que protegem contra os sorogrupos\u00a0A, C, W e Y, mas\u00a0n\u00e3o contra o tipo B, que \u00e9 respons\u00e1vel pela maioria das mortes relacionadas \u00e0 doen\u00e7a. Nas cl\u00ednicas privadas, o imunizante do tipo B j\u00e1 est\u00e1 dispon\u00edvel, aplicado em\u00a0tr\u00eas doses: aos 3, 5 e 12 meses de idade.<\/p>\n\n\n\n<p>A meningite meningoc\u00f3cica \u00e9 uma inflama\u00e7\u00e3o das membranas que envolvem o\u00a0c\u00e9rebro e a medula espinhal\u00a0e pode levar \u00e0 morte em poucas horas. A transmiss\u00e3o ocorre principalmente pelo\u00a0ar, e os sintomas mais comuns incluem\u00a0dor de cabe\u00e7a intensa, febre e redu\u00e7\u00e3o do n\u00edvel de consci\u00eancia.<\/p>\n\n\n\n<p>Segundo dados do Minist\u00e9rio da Sa\u00fade, at\u00e9 agora\u00a0foram registrados 2.357 casos e 454 mortes por meningite bacteriana no Brasil. Entre os sobreviventes,\u00a010% a 20% desenvolvem sequelas graves, como surdez, amputa\u00e7\u00f5es e danos neurol\u00f3gicos.<\/p>\n\n\n\n<h2 class=\"wp-block-heading\"><strong>Custo e impacto para os cofres p\u00fablicos<\/strong><\/h2>\n\n\n\n<p>A previs\u00e3o \u00e9 que a inclus\u00e3o da vacina contra o meningococo B no SUS gere um custo de\u00a0R$ 6 bilh\u00f5es em cinco anos. No entanto, a\u00a0ind\u00fastria farmac\u00eautica argumenta que a medida reduzir\u00e1 significativamente os gastos p\u00fablicos com interna\u00e7\u00f5es e tratamentos de sequelas\u00a0da doen\u00e7a.<\/p>\n\n\n\n<p>A\u00a0consulta p\u00fablica\u00a0para avaliar a inclus\u00e3o da Meningo B ficar\u00e1 aberta at\u00e9\u00a013 de agosto, no site da\u00a0Conitec\u00a0(Comiss\u00e3o Nacional de Incorpora\u00e7\u00e3o de Tecnologias no SUS). Ap\u00f3s essa etapa, as contribui\u00e7\u00f5es ser\u00e3o analisadas e um\u00a0relat\u00f3rio final indicar\u00e1 se a vacina ser\u00e1 incorporada ao calend\u00e1rio oficial.<\/p>\n\n\n\n<h2 class=\"wp-block-heading\"><strong>Atualiza\u00e7\u00e3o: ACWY j\u00e1 faz parte do calend\u00e1rio infantil<\/strong><\/h2>\n\n\n\n<p>Enquanto avalia a inclus\u00e3o da Meningo B, o Minist\u00e9rio da Sa\u00fade\u00a0j\u00e1 iniciou a aplica\u00e7\u00e3o da vacina meningoc\u00f3cica ACWY para crian\u00e7as de 12 meses. Antes, a vacina era ofertada apenas para adolescentes de 11 a 14 anos, como refor\u00e7o. A\u00a0nova Nota T\u00e9cnica n\u00ba 77\/2025\u00a0determina que o refor\u00e7o aplicado aos 12 meses seja substitu\u00eddo pela ACWY, ampliando a cobertura contra os sorogrupos\u00a0A, C, W e Y.<\/p>\n\n\n\n<blockquote class=\"wp-block-quote is-layout-flow wp-block-quote-is-layout-flow\">\n<p>\u201cAgora, o SUS garante ainda mais prote\u00e7\u00e3o contra as formas mais graves de meningite bacteriana. A vacina ACWY, antes aplicada apenas na adolesc\u00eancia, passa a ser ofertada tamb\u00e9m para crian\u00e7as de at\u00e9 um ano\u201d, afirmou o ministro da Sa\u00fade,&nbsp;<strong>Alexandre Padilha<\/strong>.<\/p>\n<\/blockquote>\n\n\n\n<p>Crian\u00e7as que\u00a0j\u00e1 receberam as duas doses da vacina meningoc\u00f3cica C e a dose de refor\u00e7o n\u00e3o precisam receber a ACWY neste momento. Mas aquelas que ainda n\u00e3o tomaram a dose de 12 meses poder\u00e3o receber a ACWY como refor\u00e7o.<\/p>\n","protected":false},"excerpt":{"rendered":"<p>O\u00a0Minist\u00e9rio da Sa\u00fade\u00a0abriu nesta semana uma\u00a0consulta p\u00fablica\u00a0para avaliar a\u00a0inclus\u00e3o da vacina contra meningite meningoc\u00f3cica do tipo B (Meningo B)\u00a0no calend\u00e1rio do Sistema \u00danico de Sa\u00fade (SUS). A medida representa um passo importante para ampliar a prote\u00e7\u00e3o da popula\u00e7\u00e3o contra uma das doen\u00e7as mais graves e letais: a\u00a0meningite bacteriana. Atualmente, o SUS oferece vacinas que protegem [&hellip;]<\/p>\n","protected":false},"author":9,"featured_media":7512,"comment_status":"closed","ping_status":"closed","sticky":false,"template":"","format":"standard","meta":{"jnews-multi-image_gallery":[],"jnews_single_post":{"format":"standard"},"jnews_primary_category":[],"jnews_social_meta":[],"jnews_override_counter":[],"jnews_post_split":[],"footnotes":""},"categories":[1],"tags":[],"class_list":["post-15273","post","type-post","status-publish","format-standard","has-post-thumbnail","hentry","category-geral"],"_referencia":"","_links":{"self":[{"href":"https:\/\/diariodocomercio.com.br\/mix\/wp-json\/wp\/v2\/posts\/15273","targetHints":{"allow":["GET"]}}],"collection":[{"href":"https:\/\/diariodocomercio.com.br\/mix\/wp-json\/wp\/v2\/posts"}],"about":[{"href":"https:\/\/diariodocomercio.com.br\/mix\/wp-json\/wp\/v2\/types\/post"}],"author":[{"embeddable":true,"href":"https:\/\/diariodocomercio.com.br\/mix\/wp-json\/wp\/v2\/users\/9"}],"replies":[{"embeddable":true,"href":"https:\/\/diariodocomercio.com.br\/mix\/wp-json\/wp\/v2\/comments?post=15273"}],"version-history":[{"count":1,"href":"https:\/\/diariodocomercio.com.br\/mix\/wp-json\/wp\/v2\/posts\/15273\/revisions"}],"predecessor-version":[{"id":15275,"href":"https:\/\/diariodocomercio.com.br\/mix\/wp-json\/wp\/v2\/posts\/15273\/revisions\/15275"}],"wp:featuredmedia":[{"embeddable":true,"href":"https:\/\/diariodocomercio.com.br\/mix\/wp-json\/wp\/v2\/media\/7512"}],"wp:attachment":[{"href":"https:\/\/diariodocomercio.com.br\/mix\/wp-json\/wp\/v2\/media?parent=15273"}],"wp:term":[{"taxonomy":"category","embeddable":true,"href":"https:\/\/diariodocomercio.com.br\/mix\/wp-json\/wp\/v2\/categories?post=15273"},{"taxonomy":"post_tag","embeddable":true,"href":"https:\/\/diariodocomercio.com.br\/mix\/wp-json\/wp\/v2\/tags?post=15273"}],"curies":[{"name":"wp","href":"https:\/\/api.w.org\/{rel}","templated":true}]}}