{"id":15408,"date":"2025-08-07T13:13:38","date_gmt":"2025-08-07T16:13:38","guid":{"rendered":"https:\/\/diariodocomercio.com.br\/mix\/?p=15408"},"modified":"2025-08-07T13:13:41","modified_gmt":"2025-08-07T16:13:41","slug":"6-carreiras-que-pagam-r-10-mil-ate-para-iniciantes-e-nao-exigem-faculdade","status":"publish","type":"post","link":"https:\/\/diariodocomercio.com.br\/mix\/6-carreiras-que-pagam-r-10-mil-ate-para-iniciantes-e-nao-exigem-faculdade\/","title":{"rendered":"6 carreiras que pagam R$ 10 mil at\u00e9 para iniciantes \u2014 e n\u00e3o exigem faculdade"},"content":{"rendered":"\n<p>Em um pa\u00eds onde mais de 76% dos trabalhadores n\u00e3o t\u00eam ensino superior completo, segundo dados do IBGE divulgados em 2023, ainda h\u00e1 espa\u00e7o para profiss\u00f5es que oferecem sal\u00e1rios elevados sem exigir um diploma universit\u00e1rio.<\/p>\n\n\n\n<p>Segundo a Pesquisa Nacional por Amostra de Domic\u00edlios Cont\u00ednua (Pnad Cont\u00ednua), o Brasil alcan\u00e7ou a marca de 100,7 milh\u00f5es de pessoas ocupadas, com crescimento de 12,3% no n\u00famero de trabalhadores desde o in\u00edcio da s\u00e9rie hist\u00f3rica. No entanto, o n\u00edvel de escolaridade ainda \u00e9 um desafio: quase 4 milh\u00f5es de brasileiros com ensino superior trabalham em fun\u00e7\u00f5es que n\u00e3o exigem diploma, revelando um desequil\u00edbrio entre forma\u00e7\u00e3o e mercado de trabalho.<\/p>\n\n\n\n<p>Apesar disso, algumas carreiras t\u00e9cnicas e digitais v\u00eam ganhando espa\u00e7o e remunera\u00e7\u00e3o elevada, especialmente para profissionais que dominam habilidades pr\u00e1ticas. A seguir, conhe\u00e7a&nbsp;<strong>seis carreiras com sal\u00e1rios a partir de R$ 10 mil, acess\u00edveis mesmo sem faculdade<\/strong>:<\/p>\n\n\n\n<h2 class=\"wp-block-heading\">1. Copywriter<\/h2>\n\n\n\n<p>Com a ascens\u00e3o do marketing digital, o&nbsp;<strong>copywriter<\/strong>&nbsp;se tornou um dos profissionais mais buscados por empresas que desejam vender mais pela internet. A fun\u00e7\u00e3o envolve a cria\u00e7\u00e3o de textos persuasivos para an\u00fancios, e-mails, p\u00e1ginas de vendas e redes sociais.<\/p>\n\n\n\n<ul class=\"wp-block-list\">\n<li><strong>Atua\u00e7\u00e3o<\/strong>: ag\u00eancias, infoprodutores, e-commerce, como freelancer ou em empresas.<\/li>\n\n\n\n<li><strong>Faixa salarial<\/strong>: de R$ 8.000 a R$ 15.000 mensais, dependendo da experi\u00eancia e \u00e1rea de atua\u00e7\u00e3o.<\/li>\n<\/ul>\n\n\n\n<h2 class=\"wp-block-heading\">2. Editor de V\u00eddeo<\/h2>\n\n\n\n<p>O crescimento do consumo de conte\u00fado digital impulsionou a demanda por&nbsp;<strong>editores de v\u00eddeo<\/strong>, que trabalham com plataformas como YouTube, redes sociais e cursos online. Profissionais com dom\u00ednio de&nbsp;<strong>storytelling<\/strong>&nbsp;e&nbsp;<strong>motion design<\/strong>tendem a conquistar uma base s\u00f3lida de clientes.<\/p>\n\n\n\n<ul class=\"wp-block-list\">\n<li><strong>Atua\u00e7\u00e3o<\/strong>: ag\u00eancias, influenciadores, empresas de educa\u00e7\u00e3o online.<\/li>\n\n\n\n<li><strong>Faixa salarial<\/strong>: entre R$ 9.000 e R$ 12.000 mensais, variando conforme os projetos.<\/li>\n<\/ul>\n\n\n\n<h2 class=\"wp-block-heading\">3. Gestor de Tr\u00e1fego Pago<\/h2>\n\n\n\n<p>O&nbsp;<strong>gestor de tr\u00e1fego<\/strong>&nbsp;\u00e9 respons\u00e1vel por criar e gerenciar campanhas em plataformas como Google Ads e Meta Ads. Com conhecimento t\u00e9cnico e boas estrat\u00e9gias, pode gerar excelentes resultados para clientes, o que reflete em b\u00f4nus e remunera\u00e7\u00f5es mais altas.<\/p>\n\n\n\n<ul class=\"wp-block-list\">\n<li><strong>Atua\u00e7\u00e3o<\/strong>: ag\u00eancias de marketing, lojas virtuais, consultorias ou como aut\u00f4nomo.<\/li>\n\n\n\n<li><strong>Faixa salarial<\/strong>: entre R$ 10.000 e R$ 25.000 mensais.<\/li>\n<\/ul>\n\n\n\n<h2 class=\"wp-block-heading\">4. Instalador de Energia Solar<\/h2>\n\n\n\n<p>Com o avan\u00e7o da energia limpa,&nbsp;<strong>instaladores de sistemas fotovoltaicos<\/strong>&nbsp;est\u00e3o em alta. A profiss\u00e3o exige curso t\u00e9cnico, mas n\u00e3o requer gradua\u00e7\u00e3o. O profissional atua na instala\u00e7\u00e3o e manuten\u00e7\u00e3o de pain\u00e9is solares em \u00e1reas residenciais, rurais, comerciais e industriais.<\/p>\n\n\n\n<ul class=\"wp-block-list\">\n<li><strong>Atua\u00e7\u00e3o<\/strong>: construtoras, empresas de energia solar, aut\u00f4nomo.<\/li>\n\n\n\n<li><strong>Faixa salarial<\/strong>: de R$ 10.000 a R$ 26.000 mensais, conforme a demanda e regi\u00e3o.<\/li>\n<\/ul>\n\n\n\n<h2 class=\"wp-block-heading\">5. Piloto de Avi\u00e3o<\/h2>\n\n\n\n<p>Embora n\u00e3o exija ensino superior, a carreira de&nbsp;<strong>piloto de aeronaves<\/strong>&nbsp;requer cursos espec\u00edficos e certifica\u00e7\u00f5es emitidas pela Ag\u00eancia Nacional de Avia\u00e7\u00e3o Civil (ANAC). Ap\u00f3s a forma\u00e7\u00e3o e valida\u00e7\u00e3o da licen\u00e7a, o profissional pode atuar em companhias nacionais e internacionais.<\/p>\n\n\n\n<ul class=\"wp-block-list\">\n<li><strong>Atua\u00e7\u00e3o<\/strong>: avia\u00e7\u00e3o comercial, executiva ou agr\u00edcola.<\/li>\n\n\n\n<li><strong>Faixa salarial<\/strong>: entre R$ 11.000 e R$ 14.000 mensais, podendo ultrapassar esse valor.<\/li>\n<\/ul>\n\n\n\n<h2 class=\"wp-block-heading\">6. T\u00e9cnico em Log\u00edstica<\/h2>\n\n\n\n<p>O avan\u00e7o do com\u00e9rcio eletr\u00f4nico impulsionou a procura por&nbsp;<strong>t\u00e9cnicos em log\u00edstica<\/strong>, que atuam na organiza\u00e7\u00e3o, controle e otimiza\u00e7\u00e3o do fluxo de produtos e mercadorias. Embora seja uma forma\u00e7\u00e3o t\u00e9cnica, \u00e9 poss\u00edvel atuar com bons sal\u00e1rios e oportunidades em empresas de grande porte.<\/p>\n\n\n\n<ul class=\"wp-block-list\">\n<li><strong>Atua\u00e7\u00e3o<\/strong>: transportadoras, centros de distribui\u00e7\u00e3o, empresas de varejo.<\/li>\n\n\n\n<li><strong>Faixa salarial<\/strong>: de R$ 10.000 a R$ 17.000 mensais.<\/li>\n<\/ul>\n\n\n\n<h2 class=\"wp-block-heading\"><strong>Mercado em mudan\u00e7a e oportunidades pr\u00e1ticas<\/strong><\/h2>\n\n\n\n<p>Apesar do avan\u00e7o na escolariza\u00e7\u00e3o,\u00a0muitos profissionais com diploma ainda enfrentam dificuldades para atuar em \u00e1reas compat\u00edveis com sua forma\u00e7\u00e3o. Segundo levantamento da consultoria iDados, com base em dados da Pnad Cont\u00ednua, o Brasil tem hoje\u00a0mais pessoas formadas do que vagas que exigem ensino superior: s\u00e3o 18,3 milh\u00f5es de graduados para 14,5 milh\u00f5es de ocupa\u00e7\u00f5es que demandam esse n\u00edvel educacional.<\/p>\n\n\n\n<p>Esse cen\u00e1rio refor\u00e7a a valoriza\u00e7\u00e3o das\u00a0habilidades t\u00e9cnicas, digitais e pr\u00e1ticas, que t\u00eam se mostrado mais alinhadas com as necessidades imediatas do mercado \u2014 especialmente nas \u00e1reas de tecnologia, energia e comunica\u00e7\u00e3o.<\/p>\n","protected":false},"excerpt":{"rendered":"<p>Em um pa\u00eds onde mais de 76% dos trabalhadores n\u00e3o t\u00eam ensino superior completo, segundo dados do IBGE divulgados em 2023, ainda h\u00e1 espa\u00e7o para profiss\u00f5es que oferecem sal\u00e1rios elevados sem exigir um diploma universit\u00e1rio. Segundo a Pesquisa Nacional por Amostra de Domic\u00edlios Cont\u00ednua (Pnad Cont\u00ednua), o Brasil alcan\u00e7ou a marca de 100,7 milh\u00f5es de [&hellip;]<\/p>\n","protected":false},"author":9,"featured_media":6416,"comment_status":"closed","ping_status":"closed","sticky":false,"template":"","format":"standard","meta":{"jnews-multi-image_gallery":[],"jnews_single_post":{"format":"standard"},"jnews_primary_category":[],"jnews_social_meta":[],"jnews_override_counter":[],"jnews_post_split":[],"footnotes":""},"categories":[1],"tags":[],"class_list":["post-15408","post","type-post","status-publish","format-standard","has-post-thumbnail","hentry","category-geral"],"_referencia":"","_links":{"self":[{"href":"https:\/\/diariodocomercio.com.br\/mix\/wp-json\/wp\/v2\/posts\/15408","targetHints":{"allow":["GET"]}}],"collection":[{"href":"https:\/\/diariodocomercio.com.br\/mix\/wp-json\/wp\/v2\/posts"}],"about":[{"href":"https:\/\/diariodocomercio.com.br\/mix\/wp-json\/wp\/v2\/types\/post"}],"author":[{"embeddable":true,"href":"https:\/\/diariodocomercio.com.br\/mix\/wp-json\/wp\/v2\/users\/9"}],"replies":[{"embeddable":true,"href":"https:\/\/diariodocomercio.com.br\/mix\/wp-json\/wp\/v2\/comments?post=15408"}],"version-history":[{"count":1,"href":"https:\/\/diariodocomercio.com.br\/mix\/wp-json\/wp\/v2\/posts\/15408\/revisions"}],"predecessor-version":[{"id":15409,"href":"https:\/\/diariodocomercio.com.br\/mix\/wp-json\/wp\/v2\/posts\/15408\/revisions\/15409"}],"wp:featuredmedia":[{"embeddable":true,"href":"https:\/\/diariodocomercio.com.br\/mix\/wp-json\/wp\/v2\/media\/6416"}],"wp:attachment":[{"href":"https:\/\/diariodocomercio.com.br\/mix\/wp-json\/wp\/v2\/media?parent=15408"}],"wp:term":[{"taxonomy":"category","embeddable":true,"href":"https:\/\/diariodocomercio.com.br\/mix\/wp-json\/wp\/v2\/categories?post=15408"},{"taxonomy":"post_tag","embeddable":true,"href":"https:\/\/diariodocomercio.com.br\/mix\/wp-json\/wp\/v2\/tags?post=15408"}],"curies":[{"name":"wp","href":"https:\/\/api.w.org\/{rel}","templated":true}]}}