{"id":1564,"date":"2025-01-26T08:48:57","date_gmt":"2025-01-26T11:48:57","guid":{"rendered":"https:\/\/diariodocomercio.com.br\/mix\/?p=1564"},"modified":"2025-01-23T14:59:06","modified_gmt":"2025-01-23T17:59:06","slug":"declaracao-mei-2025-ate-quando-pode-enviar-e-como-fazer","status":"publish","type":"post","link":"https:\/\/diariodocomercio.com.br\/mix\/declaracao-mei-2025-ate-quando-pode-enviar-e-como-fazer\/","title":{"rendered":"Declara\u00e7\u00e3o MEI 2025: at\u00e9 quando pode enviar e como fazer"},"content":{"rendered":"\n<p>Aten\u00e7\u00e3o, contratados PJ! Chegou aquela \u00e9poca do ano de fazer a sua declara\u00e7\u00e3o MEI prestando contas dos seus ganhos do \u00faltimo ano para a Receita Federal. Mas calma: o prazo para enviar a sua declara\u00e7\u00e3o referente aos ganhos de 2024 vai at\u00e9 o dia <strong>31 de maio de 2025<\/strong>. Se ocorrerem atrasos, voc\u00ea pode receber uma multa, mas o processo de emitir a declara\u00e7\u00e3o \u00e9 <strong>gratuito <\/strong>e pode ser feito rapidamente pelo site oficial do governo (o <a href=\"https:\/\/www.gov.br\/pt-br\/\" target=\"_blank\" rel=\"noreferrer noopener\">gov.br<\/a>). <\/p>\n\n\n\n<p>Vale destacar que, al\u00e9m da multa, se voc\u00ea n\u00e3o entregar a declara\u00e7\u00e3o, voc\u00ea corre o risco de perder o seu MEI e de ter problemas com outros \u00f3rg\u00e3os governamentais. Voc\u00ea deve fazer a declara\u00e7\u00e3o mesmo se a sua empresa n\u00e3o tiver faturado nada no \u00faltimo ano.<\/p>\n\n\n\n<p>Lembrando que o limite do <strong>faturamento anual do MEI em 2024 \u00e9 de R$ 81 mil<\/strong>. Se a sua receita no \u00faltimo ano tiver ultrapassado esse valor, voc\u00ea precisa procurar um contador para mudar para outra categoria &#8211; sujeita a outras tributa\u00e7\u00f5es.<\/p>\n\n\n\n<p>&#8220;Encerrei meu MEI em 2024. Ainda preciso declarar?&#8221; Resposta r\u00e1pida: sim.<\/p>\n\n\n\n<h2 class=\"wp-block-heading\">Passo a passo: como fazer a sua declara\u00e7\u00e3o MEI<\/h2>\n\n\n\n<p>\u00c9 bem f\u00e1cil fazer sua declara\u00e7\u00e3o MEI 2025. Primeiro, voc\u00ea acessa o Portal do Empreendedor (dentro do site do governo). L\u00e1, voc\u00ea acessa o servi\u00e7o r\u00e1pido <strong>&#8220;enviar declara\u00e7\u00e3o&#8221;<\/strong>. <\/p>\n\n\n\n<figure class=\"wp-block-image size-large\"><img decoding=\"async\" width=\"1200\" height=\"484\" src=\"https:\/\/diariodocomercio.com.br\/mix\/wp-content\/uploads\/2025\/01\/declaracao-mei-passo-a-passo-1200x484.png\" alt=\"declara\u00e7\u00e3o mei passo a passo\" class=\"wp-image-1566\" srcset=\"https:\/\/diariodocomercio.com.br\/mix\/wp-content\/uploads\/2025\/01\/declaracao-mei-passo-a-passo-1200x484.png 1200w, https:\/\/diariodocomercio.com.br\/mix\/wp-content\/uploads\/2025\/01\/declaracao-mei-passo-a-passo-300x121.png 300w, https:\/\/diariodocomercio.com.br\/mix\/wp-content\/uploads\/2025\/01\/declaracao-mei-passo-a-passo-768x309.png 768w, https:\/\/diariodocomercio.com.br\/mix\/wp-content\/uploads\/2025\/01\/declaracao-mei-passo-a-passo-1536x619.png 1536w, https:\/\/diariodocomercio.com.br\/mix\/wp-content\/uploads\/2025\/01\/declaracao-mei-passo-a-passo-150x60.png 150w, https:\/\/diariodocomercio.com.br\/mix\/wp-content\/uploads\/2025\/01\/declaracao-mei-passo-a-passo-750x302.png 750w, https:\/\/diariodocomercio.com.br\/mix\/wp-content\/uploads\/2025\/01\/declaracao-mei-passo-a-passo-1140x459.png 1140w, https:\/\/diariodocomercio.com.br\/mix\/wp-content\/uploads\/2025\/01\/declaracao-mei-passo-a-passo.png 1834w\" sizes=\"(max-width: 1200px) 100vw, 1200px\" \/><figcaption class=\"wp-element-caption\">Imagem: captura de tela\/Portal do Empreendedor<\/figcaption><\/figure>\n\n\n\n<p>Depois, voc\u00ea precisa informar o seu CNPJ e clicar em <strong>&#8220;continuar&#8221;<\/strong>. Selecione o ano de 2024 (referente \u00e0 declara\u00e7\u00e3o de 2025), informe o faturamento bruto que voc\u00ea obteve nos \u00faltimos 12 meses &#8211; para relembrar, vale consultar as DAS que voc\u00ea emitiu ao longo do ano. Indique se voc\u00ea teve ou n\u00e3o empregados durante o per\u00edodo, confirme os dados e clique em transmitir. <\/p>\n\n\n\n<p>Lembrando que: o MEI pode ter apenas um funcion\u00e1rio contratado em regime CLT.<\/p>\n\n\n\n<figure class=\"wp-block-image size-large\"><img decoding=\"async\" width=\"1200\" height=\"443\" src=\"https:\/\/diariodocomercio.com.br\/mix\/wp-content\/uploads\/2025\/01\/declaracao-mei-passo-a-passo-1-1200x443.png\" alt=\"declara\u00e7\u00e3o mei passo a passo\" class=\"wp-image-1567\" srcset=\"https:\/\/diariodocomercio.com.br\/mix\/wp-content\/uploads\/2025\/01\/declaracao-mei-passo-a-passo-1-1200x443.png 1200w, https:\/\/diariodocomercio.com.br\/mix\/wp-content\/uploads\/2025\/01\/declaracao-mei-passo-a-passo-1-300x111.png 300w, https:\/\/diariodocomercio.com.br\/mix\/wp-content\/uploads\/2025\/01\/declaracao-mei-passo-a-passo-1-768x283.png 768w, https:\/\/diariodocomercio.com.br\/mix\/wp-content\/uploads\/2025\/01\/declaracao-mei-passo-a-passo-1-150x55.png 150w, https:\/\/diariodocomercio.com.br\/mix\/wp-content\/uploads\/2025\/01\/declaracao-mei-passo-a-passo-1-750x277.png 750w, https:\/\/diariodocomercio.com.br\/mix\/wp-content\/uploads\/2025\/01\/declaracao-mei-passo-a-passo-1-1140x421.png 1140w, https:\/\/diariodocomercio.com.br\/mix\/wp-content\/uploads\/2025\/01\/declaracao-mei-passo-a-passo-1.png 1431w\" sizes=\"(max-width: 1200px) 100vw, 1200px\" \/><figcaption class=\"wp-element-caption\">Imagem: captura de tela\/Portal do Empreendedor<\/figcaption><\/figure>\n","protected":false},"excerpt":{"rendered":"<p>A declara\u00e7\u00e3o MEI \u00e9 obrigat\u00f3ria para todos os microempreendedores. Quem n\u00e3o fizer a declara\u00e7\u00e3o est\u00e1 sujeito a multa e a ter seu MEI exclu\u00eddo.<\/p>\n","protected":false},"author":6,"featured_media":1565,"comment_status":"closed","ping_status":"closed","sticky":false,"template":"","format":"standard","meta":{"jnews-multi-image_gallery":[],"jnews_single_post":{"format":"standard"},"jnews_primary_category":[],"jnews_social_meta":[],"jnews_override_counter":[],"jnews_post_split":[],"footnotes":""},"categories":[1],"tags":[],"class_list":["post-1564","post","type-post","status-publish","format-standard","has-post-thumbnail","hentry","category-geral"],"_referencia":"","_links":{"self":[{"href":"https:\/\/diariodocomercio.com.br\/mix\/wp-json\/wp\/v2\/posts\/1564","targetHints":{"allow":["GET"]}}],"collection":[{"href":"https:\/\/diariodocomercio.com.br\/mix\/wp-json\/wp\/v2\/posts"}],"about":[{"href":"https:\/\/diariodocomercio.com.br\/mix\/wp-json\/wp\/v2\/types\/post"}],"author":[{"embeddable":true,"href":"https:\/\/diariodocomercio.com.br\/mix\/wp-json\/wp\/v2\/users\/6"}],"replies":[{"embeddable":true,"href":"https:\/\/diariodocomercio.com.br\/mix\/wp-json\/wp\/v2\/comments?post=1564"}],"version-history":[{"count":1,"href":"https:\/\/diariodocomercio.com.br\/mix\/wp-json\/wp\/v2\/posts\/1564\/revisions"}],"predecessor-version":[{"id":1568,"href":"https:\/\/diariodocomercio.com.br\/mix\/wp-json\/wp\/v2\/posts\/1564\/revisions\/1568"}],"wp:featuredmedia":[{"embeddable":true,"href":"https:\/\/diariodocomercio.com.br\/mix\/wp-json\/wp\/v2\/media\/1565"}],"wp:attachment":[{"href":"https:\/\/diariodocomercio.com.br\/mix\/wp-json\/wp\/v2\/media?parent=1564"}],"wp:term":[{"taxonomy":"category","embeddable":true,"href":"https:\/\/diariodocomercio.com.br\/mix\/wp-json\/wp\/v2\/categories?post=1564"},{"taxonomy":"post_tag","embeddable":true,"href":"https:\/\/diariodocomercio.com.br\/mix\/wp-json\/wp\/v2\/tags?post=1564"}],"curies":[{"name":"wp","href":"https:\/\/api.w.org\/{rel}","templated":true}]}}