{"id":15895,"date":"2025-08-12T18:19:00","date_gmt":"2025-08-12T21:19:00","guid":{"rendered":"https:\/\/diariodocomercio.com.br\/mix\/?p=15895"},"modified":"2025-08-12T17:55:39","modified_gmt":"2025-08-12T20:55:39","slug":"cidade-aconchegante-em-mg-tem-madrugada-congelante-e-bate-recorde-nacional","status":"publish","type":"post","link":"https:\/\/diariodocomercio.com.br\/mix\/cidade-aconchegante-em-mg-tem-madrugada-congelante-e-bate-recorde-nacional\/","title":{"rendered":"Cidade aconchegante em MG tem madrugada congelante e bate recorde nacional"},"content":{"rendered":"\n<p><strong>Monte Verde,<\/strong> distrito da cidade mineira de <strong>Camanducaia, <\/strong>registrou a menor temperatura do Brasil na madrugada do \u00faltimo dia 11 de agosto. Os term\u00f4metros apontaram<strong> -1\u00b0C<\/strong>.<\/p>\n\n\n\n<p>O frio em Monte Verde \u00e9 impulsionado por fatores naturais caracter\u00edsticos do inverno na regi\u00e3o. A descida de <strong>massas de ar polar,<\/strong> comuns durante este per\u00edodo, continua a impactar o clima local.<\/p>\n\n\n\n<p>Em agosto, Monte Verde tem registrado temperaturas abaixo de zero, notadamente entre 2 e 11 de agosto. Este padr\u00e3o de clima rigoroso ressalta a tend\u00eancia de invernos mais frios em compara\u00e7\u00e3o a anos anteriores.<\/p>\n\n\n\n<h2 class=\"wp-block-heading\">Impactos das baixas temperaturas<\/h2>\n\n\n\n<p>As geadas matinais s\u00e3o comuns em Monte Verde durante esse per\u00edodo, oferecendo uma paisagem \u00fanica que atrai turistas interessados no clima frio. Esta condi\u00e7\u00e3o clim\u00e1tica, al\u00e9m de fazer parte do apelo tur\u00edstico, contribui para o monitoramento constante da regi\u00e3o por institutos meteorol\u00f3gicos. Esses \u00f3rg\u00e3os registram temperaturas m\u00ednimas e preveem o clima para manter a seguran\u00e7a e os preparativos locais adequados.<\/p>\n\n\n\n<p>Em 12 de agosto, Monte Verde destacou-se novamente, juntamente com outros locais que apresentaram quedas significativas de temperatura. A rigorosidade do frio no distrito reafirma sua import\u00e2ncia como ponto de estudo para meteorologistas, que seguem avaliando as tend\u00eancias de climas mais frios.<\/p>\n\n\n\n<h2 class=\"wp-block-heading\">Expectativas para os pr\u00f3ximos dias<\/h2>\n\n\n\n<p>As previs\u00f5es clim\u00e1ticas indicam que as temperaturas em Monte Verde, nos pr\u00f3ximos dias, devem permanecer baixas, variando entre 4\u00b0C a 8\u00b0C. At\u00e9 sexta-feira, \u00e9 esperado que a temperatura atinja 7\u00b0C antes de come\u00e7ar a aumentar gradualmente.<\/p>\n\n\n\n<p>A continuidade do ar polar mant\u00e9m a aten\u00e7\u00e3o voltada para poss\u00edveis novos recordes ou uma estabiliza\u00e7\u00e3o das condi\u00e7\u00f5es clim\u00e1ticas atuais.<\/p>\n","protected":false},"excerpt":{"rendered":"<p>O frio na cidade \u00e9 impulsionado por fatores naturais caracter\u00edsticos do inverno na regi\u00e3o.<\/p>\n","protected":false},"author":12,"featured_media":15896,"comment_status":"closed","ping_status":"closed","sticky":false,"template":"","format":"standard","meta":{"jnews-multi-image_gallery":[],"jnews_single_post":{"format":"standard"},"jnews_primary_category":[],"jnews_social_meta":[],"jnews_override_counter":[],"jnews_post_split":[],"footnotes":""},"categories":[1],"tags":[],"class_list":["post-15895","post","type-post","status-publish","format-standard","has-post-thumbnail","hentry","category-geral"],"_referencia":"","_links":{"self":[{"href":"https:\/\/diariodocomercio.com.br\/mix\/wp-json\/wp\/v2\/posts\/15895","targetHints":{"allow":["GET"]}}],"collection":[{"href":"https:\/\/diariodocomercio.com.br\/mix\/wp-json\/wp\/v2\/posts"}],"about":[{"href":"https:\/\/diariodocomercio.com.br\/mix\/wp-json\/wp\/v2\/types\/post"}],"author":[{"embeddable":true,"href":"https:\/\/diariodocomercio.com.br\/mix\/wp-json\/wp\/v2\/users\/12"}],"replies":[{"embeddable":true,"href":"https:\/\/diariodocomercio.com.br\/mix\/wp-json\/wp\/v2\/comments?post=15895"}],"version-history":[{"count":1,"href":"https:\/\/diariodocomercio.com.br\/mix\/wp-json\/wp\/v2\/posts\/15895\/revisions"}],"predecessor-version":[{"id":15900,"href":"https:\/\/diariodocomercio.com.br\/mix\/wp-json\/wp\/v2\/posts\/15895\/revisions\/15900"}],"wp:featuredmedia":[{"embeddable":true,"href":"https:\/\/diariodocomercio.com.br\/mix\/wp-json\/wp\/v2\/media\/15896"}],"wp:attachment":[{"href":"https:\/\/diariodocomercio.com.br\/mix\/wp-json\/wp\/v2\/media?parent=15895"}],"wp:term":[{"taxonomy":"category","embeddable":true,"href":"https:\/\/diariodocomercio.com.br\/mix\/wp-json\/wp\/v2\/categories?post=15895"},{"taxonomy":"post_tag","embeddable":true,"href":"https:\/\/diariodocomercio.com.br\/mix\/wp-json\/wp\/v2\/tags?post=15895"}],"curies":[{"name":"wp","href":"https:\/\/api.w.org\/{rel}","templated":true}]}}