{"id":15899,"date":"2025-08-12T18:16:11","date_gmt":"2025-08-12T21:16:11","guid":{"rendered":"https:\/\/diariodocomercio.com.br\/mix\/?p=15899"},"modified":"2025-08-12T18:16:14","modified_gmt":"2025-08-12T21:16:14","slug":"mulheres-sao-pegas-de-surpresa-e-podem-perder-o-auxilio-maternidade","status":"publish","type":"post","link":"https:\/\/diariodocomercio.com.br\/mix\/mulheres-sao-pegas-de-surpresa-e-podem-perder-o-auxilio-maternidade\/","title":{"rendered":"Mulheres s\u00e3o pegas de surpresa e podem perder o aux\u00edlio-maternidade"},"content":{"rendered":"\n<p>Antes de tudo: calma. O aux\u00edlio-maternidade continua sendo um direito garantido para trabalhadoras de carteira assinada, que s\u00e3o protegidas pela Consolida\u00e7\u00e3o das Leis do Trabalho (a famosa CLT). Mas esse per\u00edodo oferece mais dificuldades para as contratadas no modelo PJ.<\/p>\n\n\n\n<p>Trabalhadores PJ conseguem sim o <strong>aux\u00edlio-maternidade (na verdade, o sal\u00e1rio-maternidade) atrav\u00e9s do INSS<\/strong> (Instituto Nacional do Seguro Social), desde que tenham contribu\u00eddo para a previd\u00eancia social por pelo menos dez meses antes de fazer o pedido. O sal\u00e1rio-maternidade pago pelo INSS para MEI (microempreendedora individual) \u00e9 de um sal\u00e1rio m\u00ednimo: R$ 1.518 por 120 dias, quatro meses.<\/p>\n\n\n\n<p>Confira as documenta\u00e7\u00f5es solicitadas nesse processo:<\/p>\n\n\n\n<ul class=\"wp-block-list\">\n<li>Procura\u00e7\u00e3o ou termo de representa\u00e7\u00e3o legal, documento de identifica\u00e7\u00e3o com foto e CPF do procurador ou representante, se houver;<\/li>\n\n\n\n<li>Documentos pessoais do interessado com foto; e<\/li>\n\n\n\n<li>Documentos referentes \u00e0s rela\u00e7\u00f5es previdenci\u00e1rias (exemplo: Carteira de Trabalho e Previd\u00eancia Social (CTPS), Certid\u00e3o de Tempo de Contribui\u00e7\u00e3o (CTC), carn\u00eas, documenta\u00e7\u00e3o rural, etc.).<\/li>\n\n\n\n<li>Certid\u00e3o de nascimento da crian\u00e7a, quando houver.<\/li>\n<\/ul>\n\n\n\n<h2 class=\"wp-block-heading\">Maior dificuldade para trabalhadoras PJ \u00e9 a licen\u00e7a-maternidade<\/h2>\n\n\n\n<p>Ok, as trabalhadores PJ podem conseguir o aux\u00edlio por meio do INSS, mas e per\u00edodo de afastamento para cuidar do beb\u00ea ou da crian\u00e7a nos primeiros meses ap\u00f3s o parto ou ado\u00e7\u00e3o? <\/p>\n\n\n\n<p>Na CLT, na licen\u00e7a-maternidade as mulheres ficam afastadas do trabalho ainda recebendo o sal\u00e1rio e com garantia de n\u00e3o serem demitidas por pelo menos cinco meses ap\u00f3s o parto ou ado\u00e7\u00e3o. A pessoa pode se afastar do trabalho at\u00e9 28 dias antes do parto e continuar de licen\u00e7a por 120 dias depois.<\/p>\n\n\n\n<p>Por\u00e9m, trabalhadoras PJ n\u00e3o s\u00e3o protegidas pela lei, ficando por conta da empresa aceita ou n\u00e3o per\u00edodo de licen\u00e7a para cuidar de um filho rec\u00e9m-chegado. Escrita por Mariana Rosetti e Paola Churchill, uma mat\u00e9ria da BBC News Brasil revela em, na empresa de uma das entrevistadas, que preferiu n\u00e3o se identificar, as funcion\u00e1rias tinham 15 dias de licen\u00e7a e voltavam recebendo metade do sal\u00e1rio.<\/p>\n\n\n\n<style>@media (min-width: 992px) {\n    .recomendadorV2Area1 {\n        width: 280px;\n    }\n    .recomendadorV2Area2 {\n        padding: 0px 20px;\n        width: calc(100% - 280px);\n    }\n}\n\n@media (max-width: 992px) {\n    .recomendadorV2Button {\n        margin: 0 auto;\n    }\n    .recomendadorV2Area {\n        flex-direction: column;\n        text-align: center;\n    }\n    .recomendadorV2Area2 {\n        padding: 0px 20px;\n    }\n}\n\n.recomendadorV2Area {\n    background: #eeeeee3d;\n    border-radius: 10px;\n    padding: 15px;\n    display: flex;\n    margin: 15px auto;\n    border: 1px solid #00000014;\n    max-width: 800px;\n}\n\n.recomendadorV2Area1 img {\n    width: 280px;\n    height: auto;\n    border-radius: 8px;\n}\n\n.linkrecomendadorv2 {\n    text-decoration: none !important;\n}\n\n.recomendadorV2Area2 .recomendadorV2Type {\n    text-transform: uppercase;\n    font-weight: 500;\n    font-size: 11px;\n    letter-spacing: 2px;\n    color: #666;\n    margin: 12px 0;\n    display: block;\n}\n\n.recomendadorV2Title h2 {\n    padding-top: 0px !important;\n    margin: 0px !important;\n    border-left: none !important;\n    padding-left: 0px !important;\n    line-height: 1.3;\n    color: #000 !important;\n    font-size: 24px;\n    margin-bottom: 12px !important;\n}\n\n.recomendadorV2Desc {\n    color: #333;\n    margin: 12px 0px !important;\n    font-size: 15px;\n    line-height: 1.5;\n}\n\n.recomendadorV2Button {\n    width: auto;\n    max-width: 200px;\n    margin: 0;\n    display: inline-flex;\n    align-items: center;\n    background: #1D3557;\n    border-radius: 8px;\n    color: #fff;\n    height: 36px;\n    justify-content: center;\n    text-align: center;\n    font-size: 14px;\n    padding: 0 20px;\n    transition: background-color 0.2s ease;\n}\n\n.recomendadorV2Button:hover {\n    background: #2a4d7a;\n}\n\n.recomendadorV2Button:after {\n    margin-top: -2px;\n    content: \"\u2192\";\n    padding: 0px 0px 0px 8px;\n}\n\n.recomendadorV2Alert {\n    text-align: left;\n    font-size: 11px;\n    margin-top: 8px;\n    color: #666;\n}\n\n.recomendadorFixedArea {\n    width: 100%;\n    display: flex;\n    justify-content: center;\n    align-items: center;\n}\n\n@media (min-width: 992px) {\n    #recomendadorFixed {\n        width: 32% !important;\n        left: 5%;\n    }\n    .recomendadorCloseFixed{\n        right: inherit !important;\n        left: 378px !important;\n    }\n}\n\n#recomendadorFixed {\n    width: 90%;\n    box-shadow: 0 10px 20px 0px #00000057;\n    display: none;\n    height: 90px;\n    background: #F6F6F6;\n    position: fixed;\n    flex-direction: row;\n    bottom: 10px;\n    z-index: 9999;\n    border-radius: 16px;\n    padding: 7px 10px;\n}\n\n.recomendadorLeftArea {\n    width: 160px;\n}\n\n.recomendadorRightArea h2 {\n    padding-top: 0px;\n    margin: 2px 0px 4px 0px !important;\n    font-weight: 400;\n    text-align: center;\n    padding-left: 0px !important;\n    color: #000 !important;\n    border-left: none !important;\n    line-height: 20px;\n    font-size: 12px !important;\n}\n\n.recomendadorImgFixed {\n    overflow: hidden;\n    padding: 8px 6px;\n    height: 100%;\n}\n\n.recomendadorImgFixed img {\n    height: 100% !important;\n    border-radius: 16px;\n}\n\n.recomendadorRightArea {\n    padding-top: 6px;\n    display: flex;\n    width: calc(100% - 130px);\n    justify-content: space-between;\n    align-items: center;\n    flex-direction: column;\n}\n\n.recomendadorButtonFixed {\n    margin: 0 auto;\n    background: #1D3557;\n    width: 80%;\n    text-align: center;\n    font-size: 10px;\n    color: #FFF;\n    padding: 2px 10px;\n    border-radius: 3px;\n}\n\n.recomendadorButtonFixed:after {\n    margin-top: -3px;\n    content: \"\u2192\";\n    padding: 0px 0px 0px 10px;\n}\n\n.recomendadorAlertFixed {\n    font-weight: 400;\n    text-align: center;\n    color: #484848;\n    font-size: 8px;\n}\n\n.recomendadorCloseFixed {\n    z-index: 99999;\n    display: none;\n    right: 0px;\n    left: inherit;\n    bottom: 99px;\n    position: fixed;\n    justify-content: center;\n    background: #F6F6F6;\n    width: 25px;\n    align-items: center;\n    height: 25px;\n    font-weight: 800;\n    border-radius: 50%;\n    border: 1px solid #EBEBEB;\n}\n\n.recomendadorV2Desc{\n    color: #000000;\n    margin: 20px 0px;\n}\n\n@media (max-width: 576px) {\n    .recomendadorV2Area {\n      padding: 10px;\n      max-width: 100%;\n    }\n  \n    .recomendadorV2Area1 img {\n      width: 100%;\n      border-radius: 6px;\n    }\n  \n    .recomendadorV2Area2 .recomendadorV2Type {\n      font-size: 9px;\n      letter-spacing: 1px;\n      margin: 8px 0;\n    }\n  \n    .recomendadorV2Title h2 {\n      font-size: 18px !important;\n      margin-bottom: 8px !important;\n      line-height: 1.2;\n    }\n  \n    .recomendadorV2Desc {\n      font-size: 14px;\n      margin: 8px 0 !important;\n      line-height: 1.4;\n    }\n  \n    .recomendadorV2Button {\n      font-size: 14px;\n      height: 40px;\n      padding: 0 12px;\n      max-width: 100%;\n      width: 100%;\n    }\n  \n    .recomendadorV2Button:after {\n      padding-left: 6px;\n    }\n  }\n  <\/style>\n        <div class=\"lazyblock-recomendador-v2-2jDGz wp-block-lazyblock-recomendador-v2\">\n        <a class=\"linkrecomendadorv2\" href=\"https:\/\/diariodocomercio.com.br\/mix\/taylor-swift-provaveis-musicas-do-novo-album-vazam-na-web\/\">\n            <div class=\"recomendadorV2Area\">\n            <div class=\"recomendadorV2Area1\">\n                <div class=\"recomendadorV2Img\">\n                <img class=\"lazyloaded\" decoding=\"async\" src=\"https:\/\/diariodocomercio.com.br\/mix\/wp-content\/uploads\/2025\/08\/taylor-swift.jpg\" data-src=\"https:\/\/diariodocomercio.com.br\/mix\/wp-content\/uploads\/2025\/08\/taylor-swift.jpg\" alt=\"\">\n                <\/div>\n            <\/div>\n            <div class=\"recomendadorV2Area2\">\n                <div class=\"recomendadorV2Type\">\n                    <span>TAYLOR SWIFT<\/span>\n                <\/div>\n                <div class=\"recomendadorV2Title\">\n                <h2><span>Taylor Swift: prov\u00e1veis m\u00fasicas do novo \u00e1lbum vazam na web<\/span><\/h2>\n                <\/div>\n                <div class=\"recomendadorV2Desc\">\n                <span>Taylor Swift revelou que seu 12\u00ba \u00e1lbum de est\u00fadio j\u00e1 est\u00e1 pronto e uma lista com os supostos nomes das \u2026<\/span>\n                <\/div>\n                <div class=\"recomendadorV2Button\">Leia mais<\/div>\n                <div class=\"recomendadorV2Alert\"><\/div>\n            <\/div>\n            <\/div>\n        <\/a>\n        <div>\n            <div style=\"z-index:99999;\" id=\"buttonClose\" onclick=\"closeRecomendadorFixed()\">\n            <div class=\"recomendadorCloseFixed\">X<\/div>\n            <\/div>\n            <a href=\"https:\/\/diariodocomercio.com.br\/mix\/taylor-swift-provaveis-musicas-do-novo-album-vazam-na-web\/\">\n            <div class=\"recomendadorFixedArea\">\n                <div id=\"recomendadorFixed\">\n                <div class=\"recomendadorLeftArea\">\n                    <div class=\"recomendadorImgFixed\">\n                    <img class=\"lazyload\" decoding=\"async\" src=\"https:\/\/diariodocomercio.com.br\/mix\/wp-content\/uploads\/2025\/08\/taylor-swift.jpg\" alt=\"\">\n                    <\/div>\n                <\/div>\n                <div class=\"recomendadorRightArea\">\n                    <div class=\"recomendadorTitleFixed\">\n                    <h2><span>Taylor Swift: prov\u00e1veis m\u00fasicas do novo \u00e1lbum vazam na web<\/span><\/h2>\n                    <\/div>\n                    <div class=\"recomendadorButtonFixed\">Leia mais<\/div>\n                    <div class=\"recomendadorAlertFixed\"><\/div>\n                <\/div>\n                <\/div>\n            <\/div>\n            <\/a>\n        <\/div>\n        <\/div>\n","protected":false},"excerpt":{"rendered":"<p>O aux\u00edlio-maternidade e a licen\u00e7a-maternidade s\u00e3o dois direitos garantidos por lei na CLT&#8230; mas e como ficam as trabalhadoras PJ?<\/p>\n","protected":false},"author":6,"featured_media":7220,"comment_status":"closed","ping_status":"closed","sticky":false,"template":"","format":"standard","meta":{"jnews-multi-image_gallery":[],"jnews_single_post":{"format":"standard"},"jnews_primary_category":[],"jnews_social_meta":[],"jnews_override_counter":[],"jnews_post_split":[],"footnotes":""},"categories":[1],"tags":[],"class_list":["post-15899","post","type-post","status-publish","format-standard","has-post-thumbnail","hentry","category-geral"],"_referencia":"","_links":{"self":[{"href":"https:\/\/diariodocomercio.com.br\/mix\/wp-json\/wp\/v2\/posts\/15899","targetHints":{"allow":["GET"]}}],"collection":[{"href":"https:\/\/diariodocomercio.com.br\/mix\/wp-json\/wp\/v2\/posts"}],"about":[{"href":"https:\/\/diariodocomercio.com.br\/mix\/wp-json\/wp\/v2\/types\/post"}],"author":[{"embeddable":true,"href":"https:\/\/diariodocomercio.com.br\/mix\/wp-json\/wp\/v2\/users\/6"}],"replies":[{"embeddable":true,"href":"https:\/\/diariodocomercio.com.br\/mix\/wp-json\/wp\/v2\/comments?post=15899"}],"version-history":[{"count":1,"href":"https:\/\/diariodocomercio.com.br\/mix\/wp-json\/wp\/v2\/posts\/15899\/revisions"}],"predecessor-version":[{"id":15901,"href":"https:\/\/diariodocomercio.com.br\/mix\/wp-json\/wp\/v2\/posts\/15899\/revisions\/15901"}],"wp:featuredmedia":[{"embeddable":true,"href":"https:\/\/diariodocomercio.com.br\/mix\/wp-json\/wp\/v2\/media\/7220"}],"wp:attachment":[{"href":"https:\/\/diariodocomercio.com.br\/mix\/wp-json\/wp\/v2\/media?parent=15899"}],"wp:term":[{"taxonomy":"category","embeddable":true,"href":"https:\/\/diariodocomercio.com.br\/mix\/wp-json\/wp\/v2\/categories?post=15899"},{"taxonomy":"post_tag","embeddable":true,"href":"https:\/\/diariodocomercio.com.br\/mix\/wp-json\/wp\/v2\/tags?post=15899"}],"curies":[{"name":"wp","href":"https:\/\/api.w.org\/{rel}","templated":true}]}}