{"id":15903,"date":"2025-08-12T18:46:00","date_gmt":"2025-08-12T21:46:00","guid":{"rendered":"https:\/\/diariodocomercio.com.br\/mix\/?p=15903"},"modified":"2025-08-12T18:24:06","modified_gmt":"2025-08-12T21:24:06","slug":"o-nome-de-bebe-mais-bonito-do-mundo-segundo-a-psicologia","status":"publish","type":"post","link":"https:\/\/diariodocomercio.com.br\/mix\/o-nome-de-bebe-mais-bonito-do-mundo-segundo-a-psicologia\/","title":{"rendered":"O nome de beb\u00ea mais bonito do mundo, segundo a psicologia"},"content":{"rendered":"\n<p>Recentemente, um estudo realizado pela <strong>My 1st Years<\/strong>, liderado pelo linguista Bodo Winter da Universidade de Birmingham, trouxe uma resposta curiosa para aqueles que buscam o nome masculino mais atraente: <strong>Zayn<\/strong>.<\/p>\n\n\n\n<p>Esse nome, de origem \u00e1rabe, significa &#8220;beleza&#8221;, &#8220;gra\u00e7a&#8221; ou &#8220;puro&#8221; e destacou-se pela sua sonoridade e harmonia emocional. N\u00e3o por acaso, Zayn Malik, ex-One Direction, contribuiu para sua popularidade no Reino Unido.<\/p>\n\n\n\n<p>O estudo foi conduzido em 2025 e, apesar das controv\u00e9rsias sobre crit\u00e9rios cient\u00edficos espec\u00edficos, a pesquisa baseou-se em elementos como <strong>harmonia sonora<\/strong> e<strong> impacto emocional.<\/strong><\/p>\n\n\n\n<h2 class=\"wp-block-heading\">Impacto cultural&nbsp;<\/h2>\n\n\n\n<p>A escolha do nome de um beb\u00ea muitas vezes reflete influ\u00eancias culturais e pessoais. No caso de Zayn, sua origem \u00e1rabe adiciona n\u00e3o apenas um som agrad\u00e1vel, mas tamb\u00e9m um significado profundo.<\/p>\n\n\n\n<p>Celebridades como Zayn Malik tamb\u00e9m desempenham um papel crucial na populariza\u00e7\u00e3o de nomes, influenciando escolhas em diversas culturas. Esse fen\u00f4meno n\u00e3o se limita a nomes; a curiosidade por suas origens leva mais pessoas a explorarem a etimologia e os significados.<\/p>\n\n\n\n<h2 class=\"wp-block-heading\">Diversidade nos rankings de nomes<\/h2>\n\n\n\n<p>Al\u00e9m de Zayn, o estudo destacou a prefer\u00eancia por nomes como<strong> Jesse, Charlie <\/strong>e <strong>Louie<\/strong>, que se destacaram por suas origens ricas e significados profundos.<\/p>\n\n\n\n<p>Nos Estados Unidos, o nome <strong>&#8220;Matthew&#8221;,<\/strong> de origem hebraica, significando &#8220;presente de Deus&#8221;, \u00e9 amplamente apreciado, liderando prefer\u00eancias. Outros nomes, como Julian, William e Leo, tamb\u00e9m figuram entre os mais populares, demonstrando a diversidade cultural e geogr\u00e1fica na sele\u00e7\u00e3o de nomes.&nbsp;<\/p>\n\n\n\n<p>Escolher um nome de beb\u00ea n\u00e3o se resume apenas \u00e0 est\u00e9tica sonora. Muitos pais consideram profundamente os significados e as conota\u00e7\u00f5es culturais ao tomar essa decis\u00e3o.<\/p>\n","protected":false},"excerpt":{"rendered":"<p>Um estudo foi realizado pela My 1st Years, liderado pelo linguista Bodo Winter.<\/p>\n","protected":false},"author":12,"featured_media":10279,"comment_status":"closed","ping_status":"closed","sticky":false,"template":"","format":"standard","meta":{"jnews-multi-image_gallery":[],"jnews_single_post":{"format":"standard"},"jnews_primary_category":[],"jnews_social_meta":[],"jnews_override_counter":[],"jnews_post_split":[],"footnotes":""},"categories":[1],"tags":[],"class_list":["post-15903","post","type-post","status-publish","format-standard","has-post-thumbnail","hentry","category-geral"],"_referencia":"","_links":{"self":[{"href":"https:\/\/diariodocomercio.com.br\/mix\/wp-json\/wp\/v2\/posts\/15903","targetHints":{"allow":["GET"]}}],"collection":[{"href":"https:\/\/diariodocomercio.com.br\/mix\/wp-json\/wp\/v2\/posts"}],"about":[{"href":"https:\/\/diariodocomercio.com.br\/mix\/wp-json\/wp\/v2\/types\/post"}],"author":[{"embeddable":true,"href":"https:\/\/diariodocomercio.com.br\/mix\/wp-json\/wp\/v2\/users\/12"}],"replies":[{"embeddable":true,"href":"https:\/\/diariodocomercio.com.br\/mix\/wp-json\/wp\/v2\/comments?post=15903"}],"version-history":[{"count":1,"href":"https:\/\/diariodocomercio.com.br\/mix\/wp-json\/wp\/v2\/posts\/15903\/revisions"}],"predecessor-version":[{"id":15904,"href":"https:\/\/diariodocomercio.com.br\/mix\/wp-json\/wp\/v2\/posts\/15903\/revisions\/15904"}],"wp:featuredmedia":[{"embeddable":true,"href":"https:\/\/diariodocomercio.com.br\/mix\/wp-json\/wp\/v2\/media\/10279"}],"wp:attachment":[{"href":"https:\/\/diariodocomercio.com.br\/mix\/wp-json\/wp\/v2\/media?parent=15903"}],"wp:term":[{"taxonomy":"category","embeddable":true,"href":"https:\/\/diariodocomercio.com.br\/mix\/wp-json\/wp\/v2\/categories?post=15903"},{"taxonomy":"post_tag","embeddable":true,"href":"https:\/\/diariodocomercio.com.br\/mix\/wp-json\/wp\/v2\/tags?post=15903"}],"curies":[{"name":"wp","href":"https:\/\/api.w.org\/{rel}","templated":true}]}}