{"id":15909,"date":"2025-08-12T19:11:00","date_gmt":"2025-08-12T22:11:00","guid":{"rendered":"https:\/\/diariodocomercio.com.br\/mix\/?p=15909"},"modified":"2025-08-12T18:51:02","modified_gmt":"2025-08-12T21:51:02","slug":"alimento-mais-comprado-por-brasileiros-vai-ficar-muito-barato-nos-supermercados","status":"publish","type":"post","link":"https:\/\/diariodocomercio.com.br\/mix\/alimento-mais-comprado-por-brasileiros-vai-ficar-muito-barato-nos-supermercados\/","title":{"rendered":"Alimento mais comprado por brasileiros vai ficar muito barato nos supermercados"},"content":{"rendered":"\n<p>O<strong> pre\u00e7o do caf\u00e9<\/strong> registrou a primeira queda em 18 meses, trazendo um al\u00edvio nas prateleiras dos consumidores. Em julho de 2025, o \u00cdndice Nacional de Pre\u00e7os ao Consumidor Amplo (IPCA) apontou que o caf\u00e9 mo\u00eddo <strong>caiu 1,01% <\/strong>no Brasil.<\/p>\n\n\n\n<p>Essa redu\u00e7\u00e3o ocorre ap\u00f3s um per\u00edodo de aumentos constantes, onde o produto quase dobrou de pre\u00e7o, alcan\u00e7ando uma alta de 99,46% no per\u00edodo de um ano e meio.<\/p>\n\n\n\n<p>De acordo com o Instituto Brasileiro de Geografia e Estat\u00edstica (IBGE), o caf\u00e9 \u00e9 o alimento mais consumido do Brasil, seguido do feij\u00e3o e do arroz.<\/p>\n\n\n\n<h2 class=\"wp-block-heading\">Impacto na infla\u00e7\u00e3o<\/h2>\n\n\n\n<p>O caf\u00e9, mesmo com a redu\u00e7\u00e3o, ainda acumula uma<strong> alta de 41,46% neste ano <\/strong>e de <strong>70,51% nos \u00faltimos 12 meses. <\/strong>Durante esse per\u00edodo, o caf\u00e9 mo\u00eddo destacou-se como o segundo maior influenciador positivo no IPCA, contribuindo com 0,30 ponto percentual para a infla\u00e7\u00e3o geral de 5,23%.<\/p>\n\n\n\n<p>A din\u00e2mica de pre\u00e7o do caf\u00e9 se reflete em tend\u00eancias observadas no campo, onde a diminui\u00e7\u00e3o dos valores come\u00e7ou em mar\u00e7o, com o in\u00edcio da colheita.<\/p>\n\n\n\n<h2 class=\"wp-block-heading\">Influ\u00eancia da colheita<\/h2>\n\n\n\n<p>A colheita mais abundante \u00e9 um dos principais fatores para a queda de pre\u00e7os. A maior oferta de gr\u00e3os aliviou a press\u00e3o da demanda, ajustando os valores.<\/p>\n\n\n\n<p>No entanto, as tarifas impostas pelos Estados Unidos sobre o caf\u00e9 brasileiro podem restringir exporta\u00e7\u00f5es e contribuir para mais cortes nos pre\u00e7os, caso os produtores n\u00e3o encontrem novos mercados compradores.<\/p>\n\n\n\n<p>Especialistas apontam que a queda nos pre\u00e7os do caf\u00e9 no campo poder\u00e1 ser repassada aos consumidores em 2026, dependendo das condi\u00e7\u00f5es clim\u00e1ticas e da oferta.<\/p>\n\n\n\n<p>A expectativa \u00e9 de um al\u00edvio gradual nos pre\u00e7os, que ainda s\u00e3o incertos, podendo variar ao longo dos pr\u00f3ximos trimestres. Acompanhar o desempenho do mercado global e as rela\u00e7\u00f5es comerciais ser\u00e1 crucial para entender os ajustes na infla\u00e7\u00e3o.<\/p>\n","protected":false},"excerpt":{"rendered":"<p>Redu\u00e7\u00e3o ocorre ap\u00f3s um per\u00edodo de aumentos constantes, onde o produto quase dobrou de pre\u00e7o.<\/p>\n","protected":false},"author":12,"featured_media":10783,"comment_status":"closed","ping_status":"closed","sticky":false,"template":"","format":"standard","meta":{"jnews-multi-image_gallery":[],"jnews_single_post":{"format":"standard"},"jnews_primary_category":[],"jnews_social_meta":[],"jnews_override_counter":[],"jnews_post_split":[],"footnotes":""},"categories":[1],"tags":[],"class_list":["post-15909","post","type-post","status-publish","format-standard","has-post-thumbnail","hentry","category-geral"],"_referencia":"","_links":{"self":[{"href":"https:\/\/diariodocomercio.com.br\/mix\/wp-json\/wp\/v2\/posts\/15909","targetHints":{"allow":["GET"]}}],"collection":[{"href":"https:\/\/diariodocomercio.com.br\/mix\/wp-json\/wp\/v2\/posts"}],"about":[{"href":"https:\/\/diariodocomercio.com.br\/mix\/wp-json\/wp\/v2\/types\/post"}],"author":[{"embeddable":true,"href":"https:\/\/diariodocomercio.com.br\/mix\/wp-json\/wp\/v2\/users\/12"}],"replies":[{"embeddable":true,"href":"https:\/\/diariodocomercio.com.br\/mix\/wp-json\/wp\/v2\/comments?post=15909"}],"version-history":[{"count":1,"href":"https:\/\/diariodocomercio.com.br\/mix\/wp-json\/wp\/v2\/posts\/15909\/revisions"}],"predecessor-version":[{"id":15910,"href":"https:\/\/diariodocomercio.com.br\/mix\/wp-json\/wp\/v2\/posts\/15909\/revisions\/15910"}],"wp:featuredmedia":[{"embeddable":true,"href":"https:\/\/diariodocomercio.com.br\/mix\/wp-json\/wp\/v2\/media\/10783"}],"wp:attachment":[{"href":"https:\/\/diariodocomercio.com.br\/mix\/wp-json\/wp\/v2\/media?parent=15909"}],"wp:term":[{"taxonomy":"category","embeddable":true,"href":"https:\/\/diariodocomercio.com.br\/mix\/wp-json\/wp\/v2\/categories?post=15909"},{"taxonomy":"post_tag","embeddable":true,"href":"https:\/\/diariodocomercio.com.br\/mix\/wp-json\/wp\/v2\/tags?post=15909"}],"curies":[{"name":"wp","href":"https:\/\/api.w.org\/{rel}","templated":true}]}}