{"id":15914,"date":"2025-08-12T19:29:30","date_gmt":"2025-08-12T22:29:30","guid":{"rendered":"https:\/\/diariodocomercio.com.br\/mix\/?p=15914"},"modified":"2025-08-12T20:27:45","modified_gmt":"2025-08-12T23:27:45","slug":"piloto-frances-da-formula-1-faleceu-aos-25-anos-e-gerou-comocao-no-circuito","status":"publish","type":"post","link":"https:\/\/diariodocomercio.com.br\/mix\/piloto-frances-da-formula-1-faleceu-aos-25-anos-e-gerou-comocao-no-circuito\/","title":{"rendered":"Piloto franc\u00eas da F\u00f3rmula 1 faleceu aos 25 anos e gerou como\u00e7\u00e3o no circuito"},"content":{"rendered":"\n<p>H\u00e1 dez anos, falecia Jules Bianchi, piloto de F\u00f3rmula 1 de apenas 25 anos. A morte do jovem piloto foi decorrente de uma batida no GP do Jap\u00e3o em 2014, a \u00faltima na categoria do g\u00eanero. Recentemente, o ge fez uma mat\u00e9ria relembrando essa trag\u00e9dia e quais foram as li\u00e7\u00f5es que a F\u00f3rmula 1 tirou do acontecido.<\/p>\n\n\n\n<p>A batida que resultou na morte de Bianchi aconteceu no GP do Jap\u00e3o em meio a uma forte chuva causada pela aproxima\u00e7\u00e3o do tuf\u00e3o Phanfone. Mesmo com o clima n\u00e3o colaborando, a corrida continuou at\u00e9 Adrian Sutil, da Sauber, escapar da pista e bater na volta 42. Depois disso, Bianchi aquaplanou e perdeu o controle do carro, deslizando em dire\u00e7\u00e3o ao carro de Sutil e ent\u00e3o batendo na traseira de um trator que estava retirando o carro da Sauber da pista.<\/p>\n\n\n\n<p>Bianchi ficou inconsciente e foi levado ao hospital, onde passou por cirurgia. Depois disso, ele foi colocado em coma induzido, ficando assim at\u00e9 a sua morte, no dia 17 de julho de 2015.<\/p>\n\n\n\n<figure class=\"wp-block-image size-large\"><img decoding=\"async\" width=\"1200\" height=\"799\" src=\"https:\/\/diariodocomercio.com.br\/mix\/wp-content\/uploads\/2025\/08\/jules-bianchi-1200x799.avif\" alt=\"jules bianchi\" class=\"wp-image-15916\" srcset=\"https:\/\/diariodocomercio.com.br\/mix\/wp-content\/uploads\/2025\/08\/jules-bianchi-1200x799.avif 1200w, https:\/\/diariodocomercio.com.br\/mix\/wp-content\/uploads\/2025\/08\/jules-bianchi-300x200.avif 300w, https:\/\/diariodocomercio.com.br\/mix\/wp-content\/uploads\/2025\/08\/jules-bianchi-768x511.avif 768w, https:\/\/diariodocomercio.com.br\/mix\/wp-content\/uploads\/2025\/08\/jules-bianchi-1536x1022.avif 1536w, https:\/\/diariodocomercio.com.br\/mix\/wp-content\/uploads\/2025\/08\/jules-bianchi-2048x1363.avif 2048w, https:\/\/diariodocomercio.com.br\/mix\/wp-content\/uploads\/2025\/08\/jules-bianchi-150x100.avif 150w, https:\/\/diariodocomercio.com.br\/mix\/wp-content\/uploads\/2025\/08\/jules-bianchi-750x499.avif 750w, https:\/\/diariodocomercio.com.br\/mix\/wp-content\/uploads\/2025\/08\/jules-bianchi-1140x759.avif 1140w\" sizes=\"(max-width: 1200px) 100vw, 1200px\" \/><figcaption class=\"wp-element-caption\">Imagem: reprodu\u00e7\u00e3o<\/figcaption><\/figure>\n\n\n\n<h2 class=\"wp-block-heading\">Como o acidente que matou Julian Bianchi mudou a F\u00f3rmula 1<\/h2>\n\n\n\n<p>Uma das mudan\u00e7as que a competi\u00e7\u00e3o introduziu foi o <em>safety car virtual<\/em>, que faz os outros carros na pista serem obrigados a reduzir a velocidade, ainda que o recurso seja pensado para situa\u00e7\u00f5es de menor risco. Segundo o comentarista do ge, Luciano Burti, em resumo, se o carro de Bianchi estivesse mais devagar, o acidente n\u00e3o teria acontecido. <\/p>\n\n\n\n<p><em>&#8220;Naquela \u00e9poca era (apenas) o Safety Car, e o que acontece? At\u00e9 voc\u00ea chegar ao Safety Car, voc\u00ea consegue manter uma velocidade relativamente alta. N\u00e3o que seja permitido, mas na pr\u00e1tica acontecia, n\u00e9? N\u00e3o tinha todos os controles em tempo real como tem hoje em dia. Poderia ter sido diferente&#8221;<\/em>, explicou o comentarista ao ge.<\/p>\n\n\n\n<style>@media (min-width: 992px) {\n    .recomendadorV2Area1 {\n        width: 280px;\n    }\n    .recomendadorV2Area2 {\n        padding: 0px 20px;\n        width: calc(100% - 280px);\n    }\n}\n\n@media (max-width: 992px) {\n    .recomendadorV2Button {\n        margin: 0 auto;\n    }\n    .recomendadorV2Area {\n        flex-direction: column;\n        text-align: center;\n    }\n    .recomendadorV2Area2 {\n        padding: 0px 20px;\n    }\n}\n\n.recomendadorV2Area {\n    background: #eeeeee3d;\n    border-radius: 10px;\n    padding: 15px;\n    display: flex;\n    margin: 15px auto;\n    border: 1px solid #00000014;\n    max-width: 800px;\n}\n\n.recomendadorV2Area1 img {\n    width: 280px;\n    height: auto;\n    border-radius: 8px;\n}\n\n.linkrecomendadorv2 {\n    text-decoration: none !important;\n}\n\n.recomendadorV2Area2 .recomendadorV2Type {\n    text-transform: uppercase;\n    font-weight: 500;\n    font-size: 11px;\n    letter-spacing: 2px;\n    color: #666;\n    margin: 12px 0;\n    display: block;\n}\n\n.recomendadorV2Title h2 {\n    padding-top: 0px !important;\n    margin: 0px !important;\n    border-left: none !important;\n    padding-left: 0px !important;\n    line-height: 1.3;\n    color: #000 !important;\n    font-size: 24px;\n    margin-bottom: 12px !important;\n}\n\n.recomendadorV2Desc {\n    color: #333;\n    margin: 12px 0px !important;\n    font-size: 15px;\n    line-height: 1.5;\n}\n\n.recomendadorV2Button {\n    width: auto;\n    max-width: 200px;\n    margin: 0;\n    display: inline-flex;\n    align-items: center;\n    background: #1D3557;\n    border-radius: 8px;\n    color: #fff;\n    height: 36px;\n    justify-content: center;\n    text-align: center;\n    font-size: 14px;\n    padding: 0 20px;\n    transition: background-color 0.2s ease;\n}\n\n.recomendadorV2Button:hover {\n    background: #2a4d7a;\n}\n\n.recomendadorV2Button:after {\n    margin-top: -2px;\n    content: \"\u2192\";\n    padding: 0px 0px 0px 8px;\n}\n\n.recomendadorV2Alert {\n    text-align: left;\n    font-size: 11px;\n    margin-top: 8px;\n    color: #666;\n}\n\n.recomendadorFixedArea {\n    width: 100%;\n    display: flex;\n    justify-content: center;\n    align-items: center;\n}\n\n@media (min-width: 992px) {\n    #recomendadorFixed {\n        width: 32% !important;\n        left: 5%;\n    }\n    .recomendadorCloseFixed{\n        right: inherit !important;\n        left: 378px !important;\n    }\n}\n\n#recomendadorFixed {\n    width: 90%;\n    box-shadow: 0 10px 20px 0px #00000057;\n    display: none;\n    height: 90px;\n    background: #F6F6F6;\n    position: fixed;\n    flex-direction: row;\n    bottom: 10px;\n    z-index: 9999;\n    border-radius: 16px;\n    padding: 7px 10px;\n}\n\n.recomendadorLeftArea {\n    width: 160px;\n}\n\n.recomendadorRightArea h2 {\n    padding-top: 0px;\n    margin: 2px 0px 4px 0px !important;\n    font-weight: 400;\n    text-align: center;\n    padding-left: 0px !important;\n    color: #000 !important;\n    border-left: none !important;\n    line-height: 20px;\n    font-size: 12px !important;\n}\n\n.recomendadorImgFixed {\n    overflow: hidden;\n    padding: 8px 6px;\n    height: 100%;\n}\n\n.recomendadorImgFixed img {\n    height: 100% !important;\n    border-radius: 16px;\n}\n\n.recomendadorRightArea {\n    padding-top: 6px;\n    display: flex;\n    width: calc(100% - 130px);\n    justify-content: space-between;\n    align-items: center;\n    flex-direction: column;\n}\n\n.recomendadorButtonFixed {\n    margin: 0 auto;\n    background: #1D3557;\n    width: 80%;\n    text-align: center;\n    font-size: 10px;\n    color: #FFF;\n    padding: 2px 10px;\n    border-radius: 3px;\n}\n\n.recomendadorButtonFixed:after {\n    margin-top: -3px;\n    content: \"\u2192\";\n    padding: 0px 0px 0px 10px;\n}\n\n.recomendadorAlertFixed {\n    font-weight: 400;\n    text-align: center;\n    color: #484848;\n    font-size: 8px;\n}\n\n.recomendadorCloseFixed {\n    z-index: 99999;\n    display: none;\n    right: 0px;\n    left: inherit;\n    bottom: 99px;\n    position: fixed;\n    justify-content: center;\n    background: #F6F6F6;\n    width: 25px;\n    align-items: center;\n    height: 25px;\n    font-weight: 800;\n    border-radius: 50%;\n    border: 1px solid #EBEBEB;\n}\n\n.recomendadorV2Desc{\n    color: #000000;\n    margin: 20px 0px;\n}\n\n@media (max-width: 576px) {\n    .recomendadorV2Area {\n      padding: 10px;\n      max-width: 100%;\n    }\n  \n    .recomendadorV2Area1 img {\n      width: 100%;\n      border-radius: 6px;\n    }\n  \n    .recomendadorV2Area2 .recomendadorV2Type {\n      font-size: 9px;\n      letter-spacing: 1px;\n      margin: 8px 0;\n    }\n  \n    .recomendadorV2Title h2 {\n      font-size: 18px !important;\n      margin-bottom: 8px !important;\n      line-height: 1.2;\n    }\n  \n    .recomendadorV2Desc {\n      font-size: 14px;\n      margin: 8px 0 !important;\n      line-height: 1.4;\n    }\n  \n    .recomendadorV2Button {\n      font-size: 14px;\n      height: 40px;\n      padding: 0 12px;\n      max-width: 100%;\n      width: 100%;\n    }\n  \n    .recomendadorV2Button:after {\n      padding-left: 6px;\n    }\n  }\n  <\/style>\n        <div class=\"lazyblock-recomendador-v2-2jDGz wp-block-lazyblock-recomendador-v2\">\n        <a class=\"linkrecomendadorv2\" href=\"https:\/\/diariodocomercio.com.br\/mix\/taylor-swift-provaveis-musicas-do-novo-album-vazam-na-web\/\">\n            <div class=\"recomendadorV2Area\">\n            <div class=\"recomendadorV2Area1\">\n                <div class=\"recomendadorV2Img\">\n                <img class=\"lazyloaded\" decoding=\"async\" src=\"https:\/\/diariodocomercio.com.br\/mix\/wp-content\/uploads\/2025\/08\/taylor-swift.jpg\" data-src=\"https:\/\/diariodocomercio.com.br\/mix\/wp-content\/uploads\/2025\/08\/taylor-swift.jpg\" alt=\"\">\n                <\/div>\n            <\/div>\n            <div class=\"recomendadorV2Area2\">\n                <div class=\"recomendadorV2Type\">\n                    <span>TAYLOR SWIFT<\/span>\n                <\/div>\n                <div class=\"recomendadorV2Title\">\n                <h2><span>Taylor Swift: prov\u00e1veis m\u00fasicas do novo \u00e1lbum vazam na web<\/span><\/h2>\n                <\/div>\n                <div class=\"recomendadorV2Desc\">\n                <span>Taylor Swift revelou que seu 12\u00ba \u00e1lbum de est\u00fadio j\u00e1 est\u00e1 pronto e uma lista com os supostos nomes das \u2026<\/span>\n                <\/div>\n                <div class=\"recomendadorV2Button\">Leia mais<\/div>\n                <div class=\"recomendadorV2Alert\"><\/div>\n            <\/div>\n            <\/div>\n        <\/a>\n        <div>\n            <div style=\"z-index:99999;\" id=\"buttonClose\" onclick=\"closeRecomendadorFixed()\">\n            <div class=\"recomendadorCloseFixed\">X<\/div>\n            <\/div>\n            <a href=\"https:\/\/diariodocomercio.com.br\/mix\/taylor-swift-provaveis-musicas-do-novo-album-vazam-na-web\/\">\n            <div class=\"recomendadorFixedArea\">\n                <div id=\"recomendadorFixed\">\n                <div class=\"recomendadorLeftArea\">\n                    <div class=\"recomendadorImgFixed\">\n                    <img class=\"lazyload\" decoding=\"async\" src=\"https:\/\/diariodocomercio.com.br\/mix\/wp-content\/uploads\/2025\/08\/taylor-swift.jpg\" alt=\"\">\n                    <\/div>\n                <\/div>\n                <div class=\"recomendadorRightArea\">\n                    <div class=\"recomendadorTitleFixed\">\n                    <h2><span>Taylor Swift: prov\u00e1veis m\u00fasicas do novo \u00e1lbum vazam na web<\/span><\/h2>\n                    <\/div>\n                    <div class=\"recomendadorButtonFixed\">Leia mais<\/div>\n                    <div class=\"recomendadorAlertFixed\"><\/div>\n                <\/div>\n                <\/div>\n            <\/div>\n            <\/a>\n        <\/div>\n        <\/div>\n","protected":false},"excerpt":{"rendered":"<p>H\u00e1 dez anos, o piloto de F\u00f3rmula 1 Julian Bianchi falecia ap\u00f3s uma colis\u00e3o no GP do Jap\u00e3o. Ele foi a \u00faltima morte na categoria do g\u00eanero.<\/p>\n","protected":false},"author":6,"featured_media":15927,"comment_status":"closed","ping_status":"closed","sticky":false,"template":"","format":"standard","meta":{"jnews-multi-image_gallery":[],"jnews_single_post":{"format":"standard"},"jnews_primary_category":[],"jnews_social_meta":[],"jnews_override_counter":[],"jnews_post_split":[],"footnotes":""},"categories":[1],"tags":[],"class_list":["post-15914","post","type-post","status-publish","format-standard","has-post-thumbnail","hentry","category-geral"],"_referencia":"","_links":{"self":[{"href":"https:\/\/diariodocomercio.com.br\/mix\/wp-json\/wp\/v2\/posts\/15914","targetHints":{"allow":["GET"]}}],"collection":[{"href":"https:\/\/diariodocomercio.com.br\/mix\/wp-json\/wp\/v2\/posts"}],"about":[{"href":"https:\/\/diariodocomercio.com.br\/mix\/wp-json\/wp\/v2\/types\/post"}],"author":[{"embeddable":true,"href":"https:\/\/diariodocomercio.com.br\/mix\/wp-json\/wp\/v2\/users\/6"}],"replies":[{"embeddable":true,"href":"https:\/\/diariodocomercio.com.br\/mix\/wp-json\/wp\/v2\/comments?post=15914"}],"version-history":[{"count":2,"href":"https:\/\/diariodocomercio.com.br\/mix\/wp-json\/wp\/v2\/posts\/15914\/revisions"}],"predecessor-version":[{"id":15929,"href":"https:\/\/diariodocomercio.com.br\/mix\/wp-json\/wp\/v2\/posts\/15914\/revisions\/15929"}],"wp:featuredmedia":[{"embeddable":true,"href":"https:\/\/diariodocomercio.com.br\/mix\/wp-json\/wp\/v2\/media\/15927"}],"wp:attachment":[{"href":"https:\/\/diariodocomercio.com.br\/mix\/wp-json\/wp\/v2\/media?parent=15914"}],"wp:term":[{"taxonomy":"category","embeddable":true,"href":"https:\/\/diariodocomercio.com.br\/mix\/wp-json\/wp\/v2\/categories?post=15914"},{"taxonomy":"post_tag","embeddable":true,"href":"https:\/\/diariodocomercio.com.br\/mix\/wp-json\/wp\/v2\/tags?post=15914"}],"curies":[{"name":"wp","href":"https:\/\/api.w.org\/{rel}","templated":true}]}}