{"id":15922,"date":"2025-08-12T19:54:38","date_gmt":"2025-08-12T22:54:38","guid":{"rendered":"https:\/\/diariodocomercio.com.br\/mix\/?p=15922"},"modified":"2025-08-12T19:54:40","modified_gmt":"2025-08-12T22:54:40","slug":"leilao-de-carros-em-sp-tera-hilux-por-r-9-mil-e-veiculos-a-partir-de-r-15-mil","status":"publish","type":"post","link":"https:\/\/diariodocomercio.com.br\/mix\/leilao-de-carros-em-sp-tera-hilux-por-r-9-mil-e-veiculos-a-partir-de-r-15-mil\/","title":{"rendered":"Leil\u00e3o de carros em SP ter\u00e1 Hilux por R$ 9 mil e ve\u00edculos a partir de R$ 1,5 mil"},"content":{"rendered":"\n<p>Na semana que vem, no dia 20 de agosto, o Governo de S\u00e3o Paulo vai realizar uma leil\u00e3o de carros de forma 100% online, mas com p\u00e1tio de visita\u00e7\u00e3o na cidade paulista de Limeira. Entre os ve\u00edculos leiloados, temos uma Toyota Hilux 2013 com lance inicial de R$ 9 mil e um Renault Duster 2022 pelo mesmo pre\u00e7o.<\/p>\n\n\n\n<p>Voc\u00ea pode visitar e conferir os ve\u00edculos que est\u00e3o sendo leiloados nos dias 18 e 19 de agosto, das 9h \u00e0s 12h e das 14h \u00e0s 17h. Podem participar do leil\u00e3o, pessoas f\u00edsicas e jur\u00eddicas que n\u00e3o se enquadrem em restri\u00e7\u00f5es, como hist\u00f3rico de improbidade administrativa, puni\u00e7\u00f5es do CADE por pr\u00e1ticas anticompetitivas, entre outras. O pagamento dos ve\u00edculos pode ser feito por Pix, boleto banc\u00e1rio ou cart\u00e3o de cr\u00e9dito. Para quem participar do leil\u00e3o e conseguir arrematar um ve\u00edculo, o cronograma para a retirada deles \u00e9 o seguinte:<\/p>\n\n\n\n<ul class=\"wp-block-list\">\n<li>Caminh\u00f5es e vans &#8211; 4 a 10 de setembro;<\/li>\n\n\n\n<li>Carros e caminhonetes &#8211; 11 de setembro a 3 de outubro.<\/li>\n<\/ul>\n\n\n\n<p>Um alerta importante \u00e9 que o governo de S\u00e3o Paulo <strong><span style=\"text-decoration: underline\">n\u00e3o se responsabiliza pelo estado dos ve\u00edculos e n\u00e3o aceita reclama\u00e7\u00f5es ap\u00f3s a compra<\/span><\/strong>.<\/p>\n\n\n\n<h2 class=\"wp-block-heading\">Confira alguns carros dispon\u00edveis no leil\u00e3o do governo paulista<\/h2>\n\n\n\n<p>Segundo o InfoMoney, alguns dos ve\u00edculos dispon\u00edveis (e seus lances iniciais) s\u00e3o:<\/p>\n\n\n\n<ul class=\"wp-block-list\">\n<li>Toyota Bandeirante 1995 \u2013 R$ 39.200;<\/li>\n\n\n\n<li>Chevrolet Trailblazer 2014 \u2013 R$ 33.700;<\/li>\n\n\n\n<li>Ford Belina II 1986 \u2013 R$ 2.000;<\/li>\n\n\n\n<li>Fiat 147 1982 \u2013 R$ 2.000;<\/li>\n\n\n\n<li>Engesa 4\u00d74 1986 \u2013 R$ 5.400;<\/li>\n\n\n\n<li>Volkswagen Kombi 2006 \u2013 R$ 6.100;<\/li>\n\n\n\n<li>Chevrolet Vectra 2011 \u2013 R$ 8.500;<\/li>\n\n\n\n<li>Mitsubishi L200 Triton 2011 \u2013 R$ 9.000;<\/li>\n\n\n\n<li>Toyota Hilux 2013 \u2013 R$ 9.000;<\/li>\n\n\n\n<li>Chevrolet Blazer Advantage 2011 \u2013 R$ 8.500;<\/li>\n\n\n\n<li>Caminh\u00e3o Ford Cargo 1722 E &#8211; R$ 53 mil;<\/li>\n\n\n\n<li>Renault Duster 2022 \u2013 R$ 9.000.<\/li>\n<\/ul>\n\n\n\n<style>@media (min-width: 992px) {\n    .recomendadorV2Area1 {\n        width: 280px;\n    }\n    .recomendadorV2Area2 {\n        padding: 0px 20px;\n        width: calc(100% - 280px);\n    }\n}\n\n@media (max-width: 992px) {\n    .recomendadorV2Button {\n        margin: 0 auto;\n    }\n    .recomendadorV2Area {\n        flex-direction: column;\n        text-align: center;\n    }\n    .recomendadorV2Area2 {\n        padding: 0px 20px;\n    }\n}\n\n.recomendadorV2Area {\n    background: #eeeeee3d;\n    border-radius: 10px;\n    padding: 15px;\n    display: flex;\n    margin: 15px auto;\n    border: 1px solid #00000014;\n    max-width: 800px;\n}\n\n.recomendadorV2Area1 img {\n    width: 280px;\n    height: auto;\n    border-radius: 8px;\n}\n\n.linkrecomendadorv2 {\n    text-decoration: none !important;\n}\n\n.recomendadorV2Area2 .recomendadorV2Type {\n    text-transform: uppercase;\n    font-weight: 500;\n    font-size: 11px;\n    letter-spacing: 2px;\n    color: #666;\n    margin: 12px 0;\n    display: block;\n}\n\n.recomendadorV2Title h2 {\n    padding-top: 0px !important;\n    margin: 0px !important;\n    border-left: none !important;\n    padding-left: 0px !important;\n    line-height: 1.3;\n    color: #000 !important;\n    font-size: 24px;\n    margin-bottom: 12px !important;\n}\n\n.recomendadorV2Desc {\n    color: #333;\n    margin: 12px 0px !important;\n    font-size: 15px;\n    line-height: 1.5;\n}\n\n.recomendadorV2Button {\n    width: auto;\n    max-width: 200px;\n    margin: 0;\n    display: inline-flex;\n    align-items: center;\n    background: #1D3557;\n    border-radius: 8px;\n    color: #fff;\n    height: 36px;\n    justify-content: center;\n    text-align: center;\n    font-size: 14px;\n    padding: 0 20px;\n    transition: background-color 0.2s ease;\n}\n\n.recomendadorV2Button:hover {\n    background: #2a4d7a;\n}\n\n.recomendadorV2Button:after {\n    margin-top: -2px;\n    content: \"\u2192\";\n    padding: 0px 0px 0px 8px;\n}\n\n.recomendadorV2Alert {\n    text-align: left;\n    font-size: 11px;\n    margin-top: 8px;\n    color: #666;\n}\n\n.recomendadorFixedArea {\n    width: 100%;\n    display: flex;\n    justify-content: center;\n    align-items: center;\n}\n\n@media (min-width: 992px) {\n    #recomendadorFixed {\n        width: 32% !important;\n        left: 5%;\n    }\n    .recomendadorCloseFixed{\n        right: inherit !important;\n        left: 378px !important;\n    }\n}\n\n#recomendadorFixed {\n    width: 90%;\n    box-shadow: 0 10px 20px 0px #00000057;\n    display: none;\n    height: 90px;\n    background: #F6F6F6;\n    position: fixed;\n    flex-direction: row;\n    bottom: 10px;\n    z-index: 9999;\n    border-radius: 16px;\n    padding: 7px 10px;\n}\n\n.recomendadorLeftArea {\n    width: 160px;\n}\n\n.recomendadorRightArea h2 {\n    padding-top: 0px;\n    margin: 2px 0px 4px 0px !important;\n    font-weight: 400;\n    text-align: center;\n    padding-left: 0px !important;\n    color: #000 !important;\n    border-left: none !important;\n    line-height: 20px;\n    font-size: 12px !important;\n}\n\n.recomendadorImgFixed {\n    overflow: hidden;\n    padding: 8px 6px;\n    height: 100%;\n}\n\n.recomendadorImgFixed img {\n    height: 100% !important;\n    border-radius: 16px;\n}\n\n.recomendadorRightArea {\n    padding-top: 6px;\n    display: flex;\n    width: calc(100% - 130px);\n    justify-content: space-between;\n    align-items: center;\n    flex-direction: column;\n}\n\n.recomendadorButtonFixed {\n    margin: 0 auto;\n    background: #1D3557;\n    width: 80%;\n    text-align: center;\n    font-size: 10px;\n    color: #FFF;\n    padding: 2px 10px;\n    border-radius: 3px;\n}\n\n.recomendadorButtonFixed:after {\n    margin-top: -3px;\n    content: \"\u2192\";\n    padding: 0px 0px 0px 10px;\n}\n\n.recomendadorAlertFixed {\n    font-weight: 400;\n    text-align: center;\n    color: #484848;\n    font-size: 8px;\n}\n\n.recomendadorCloseFixed {\n    z-index: 99999;\n    display: none;\n    right: 0px;\n    left: inherit;\n    bottom: 99px;\n    position: fixed;\n    justify-content: center;\n    background: #F6F6F6;\n    width: 25px;\n    align-items: center;\n    height: 25px;\n    font-weight: 800;\n    border-radius: 50%;\n    border: 1px solid #EBEBEB;\n}\n\n.recomendadorV2Desc{\n    color: #000000;\n    margin: 20px 0px;\n}\n\n@media (max-width: 576px) {\n    .recomendadorV2Area {\n      padding: 10px;\n      max-width: 100%;\n    }\n  \n    .recomendadorV2Area1 img {\n      width: 100%;\n      border-radius: 6px;\n    }\n  \n    .recomendadorV2Area2 .recomendadorV2Type {\n      font-size: 9px;\n      letter-spacing: 1px;\n      margin: 8px 0;\n    }\n  \n    .recomendadorV2Title h2 {\n      font-size: 18px !important;\n      margin-bottom: 8px !important;\n      line-height: 1.2;\n    }\n  \n    .recomendadorV2Desc {\n      font-size: 14px;\n      margin: 8px 0 !important;\n      line-height: 1.4;\n    }\n  \n    .recomendadorV2Button {\n      font-size: 14px;\n      height: 40px;\n      padding: 0 12px;\n      max-width: 100%;\n      width: 100%;\n    }\n  \n    .recomendadorV2Button:after {\n      padding-left: 6px;\n    }\n  }\n  <\/style>\n        <div class=\"lazyblock-recomendador-v2-2jDGz wp-block-lazyblock-recomendador-v2\">\n        <a class=\"linkrecomendadorv2\" href=\"https:\/\/diariodocomercio.com.br\/mix\/taylor-swift-provaveis-musicas-do-novo-album-vazam-na-web\/\">\n            <div class=\"recomendadorV2Area\">\n            <div class=\"recomendadorV2Area1\">\n                <div class=\"recomendadorV2Img\">\n                <img class=\"lazyloaded\" decoding=\"async\" src=\"https:\/\/diariodocomercio.com.br\/mix\/wp-content\/uploads\/2025\/08\/taylor-swift.jpg\" data-src=\"https:\/\/diariodocomercio.com.br\/mix\/wp-content\/uploads\/2025\/08\/taylor-swift.jpg\" alt=\"\">\n                <\/div>\n            <\/div>\n            <div class=\"recomendadorV2Area2\">\n                <div class=\"recomendadorV2Type\">\n                    <span>TAYLOR SWIFT<\/span>\n                <\/div>\n                <div class=\"recomendadorV2Title\">\n                <h2><span>Taylor Swift: prov\u00e1veis m\u00fasicas do novo \u00e1lbum vazam na web<\/span><\/h2>\n                <\/div>\n                <div class=\"recomendadorV2Desc\">\n                <span>Taylor Swift revelou que seu 12\u00ba \u00e1lbum de est\u00fadio j\u00e1 est\u00e1 pronto e uma lista com os supostos nomes das \u2026<\/span>\n                <\/div>\n                <div class=\"recomendadorV2Button\">Leia mais<\/div>\n                <div class=\"recomendadorV2Alert\"><\/div>\n            <\/div>\n            <\/div>\n        <\/a>\n        <div>\n            <div style=\"z-index:99999;\" id=\"buttonClose\" onclick=\"closeRecomendadorFixed()\">\n            <div class=\"recomendadorCloseFixed\">X<\/div>\n            <\/div>\n            <a href=\"https:\/\/diariodocomercio.com.br\/mix\/taylor-swift-provaveis-musicas-do-novo-album-vazam-na-web\/\">\n            <div class=\"recomendadorFixedArea\">\n                <div id=\"recomendadorFixed\">\n                <div class=\"recomendadorLeftArea\">\n                    <div class=\"recomendadorImgFixed\">\n                    <img class=\"lazyload\" decoding=\"async\" src=\"https:\/\/diariodocomercio.com.br\/mix\/wp-content\/uploads\/2025\/08\/taylor-swift.jpg\" alt=\"\">\n                    <\/div>\n                <\/div>\n                <div class=\"recomendadorRightArea\">\n                    <div class=\"recomendadorTitleFixed\">\n                    <h2><span>Taylor Swift: prov\u00e1veis m\u00fasicas do novo \u00e1lbum vazam na web<\/span><\/h2>\n                    <\/div>\n                    <div class=\"recomendadorButtonFixed\">Leia mais<\/div>\n                    <div class=\"recomendadorAlertFixed\"><\/div>\n                <\/div>\n                <\/div>\n            <\/div>\n            <\/a>\n        <\/div>\n        <\/div>\n","protected":false},"excerpt":{"rendered":"<p>O governo de S\u00e3o Paulo ter\u00e1 leil\u00e3o de carros com ve\u00edculos como uma Toyota Hilux 2013 e um Renault Duster 2022 com lance inicial de R$ 9 mil.<\/p>\n","protected":false},"author":6,"featured_media":13916,"comment_status":"closed","ping_status":"closed","sticky":false,"template":"","format":"standard","meta":{"jnews-multi-image_gallery":[],"jnews_single_post":{"format":"standard"},"jnews_primary_category":[],"jnews_social_meta":[],"jnews_override_counter":[],"jnews_post_split":[],"footnotes":""},"categories":[1],"tags":[],"class_list":["post-15922","post","type-post","status-publish","format-standard","has-post-thumbnail","hentry","category-geral"],"_referencia":"","_links":{"self":[{"href":"https:\/\/diariodocomercio.com.br\/mix\/wp-json\/wp\/v2\/posts\/15922","targetHints":{"allow":["GET"]}}],"collection":[{"href":"https:\/\/diariodocomercio.com.br\/mix\/wp-json\/wp\/v2\/posts"}],"about":[{"href":"https:\/\/diariodocomercio.com.br\/mix\/wp-json\/wp\/v2\/types\/post"}],"author":[{"embeddable":true,"href":"https:\/\/diariodocomercio.com.br\/mix\/wp-json\/wp\/v2\/users\/6"}],"replies":[{"embeddable":true,"href":"https:\/\/diariodocomercio.com.br\/mix\/wp-json\/wp\/v2\/comments?post=15922"}],"version-history":[{"count":1,"href":"https:\/\/diariodocomercio.com.br\/mix\/wp-json\/wp\/v2\/posts\/15922\/revisions"}],"predecessor-version":[{"id":15923,"href":"https:\/\/diariodocomercio.com.br\/mix\/wp-json\/wp\/v2\/posts\/15922\/revisions\/15923"}],"wp:featuredmedia":[{"embeddable":true,"href":"https:\/\/diariodocomercio.com.br\/mix\/wp-json\/wp\/v2\/media\/13916"}],"wp:attachment":[{"href":"https:\/\/diariodocomercio.com.br\/mix\/wp-json\/wp\/v2\/media?parent=15922"}],"wp:term":[{"taxonomy":"category","embeddable":true,"href":"https:\/\/diariodocomercio.com.br\/mix\/wp-json\/wp\/v2\/categories?post=15922"},{"taxonomy":"post_tag","embeddable":true,"href":"https:\/\/diariodocomercio.com.br\/mix\/wp-json\/wp\/v2\/tags?post=15922"}],"curies":[{"name":"wp","href":"https:\/\/api.w.org\/{rel}","templated":true}]}}