{"id":1617,"date":"2025-02-09T12:32:59","date_gmt":"2025-02-09T15:32:59","guid":{"rendered":"https:\/\/diariodocomercio.com.br\/mix\/?p=1617"},"modified":"2025-02-07T21:27:41","modified_gmt":"2025-02-08T00:27:41","slug":"produto-perigoso-e-invisivel-ao-olho-humano-esta-sendo-encontrado-em-agua-potavel","status":"publish","type":"post","link":"https:\/\/diariodocomercio.com.br\/mix\/produto-perigoso-e-invisivel-ao-olho-humano-esta-sendo-encontrado-em-agua-potavel\/","title":{"rendered":"Produto perigoso e invis\u00edvel ao olho humano est\u00e1 sendo encontrado em \u00e1gua pot\u00e1vel"},"content":{"rendered":"\n<p>A \u00e1gua \u00e9 fundamental para o funcionamento do nosso corpo e \u00e9 importante ingerirmos ela com qualidade. Mas, um estudos recentes revelaram que produtos qu\u00edmicos conhecidos como PFAS (subst\u00e2ncias perfluoroalquil e polifluoroalquil), que fazem parte da composi\u00e7\u00e3o de medicamentos prescritos e outros produtos de consumo, est\u00e3o contaminando a \u00e1gua pot\u00e1vel de milh\u00f5es de americanos.<\/p>\n\n\n\n<p>O que mais chama a aten\u00e7\u00e3o nessa descoberta, \u00e9 que esses compostos s\u00e3o despejados em rios e lagos pelas esta\u00e7\u00f5es de tratamento de \u00e1guas residuais e \u00e9 uma tarefa dif\u00edcil de remov\u00ea-los. Apesar do avan\u00e7o no tratamento da \u00e1gua nos Estados Unidos, que \u00e9 usado por 70% da popula\u00e7\u00e3o local, n\u00e3o s\u00e3o capazes de filtrar esses qu\u00edmicos, que podem retornar ao abastecimento de \u00e1gua pot\u00e1vel.<\/p>\n\n\n\n<h2 class=\"wp-block-heading\">Como a \u00e1gua pot\u00e1vel dos EUA est\u00e1 ficando contaminada<\/h2>\n\n\n\n<p>De acordo com o estudo publicado pelo Bridger Ruyle, cientista de engenharia ambiental da NYU, estima que aproximadamente 23 milh\u00f5es de americanos est\u00e3o expostos a esses produtos qu\u00edmicos por meio das \u00e1guas residuais. Diante desse alarde, em 2021 foi implementado pela Ag\u00eancia de Prote\u00e7\u00e3o Ambiental (EPA) novas regras para reduzir as concentra\u00e7\u00f5es de seis PFAS na \u00e1gua pot\u00e1vel, mostrando que apenas 8% dos produtos qu\u00edmicos apareceram nas amostras analisadas.<\/p>\n\n\n\n<p>Segundo o \u00f3rg\u00e3o, o uso de PFAS pela ind\u00fastria farmac\u00eautica \u00e9 um fator adicional, pois esses componentes s\u00e3o dif\u00edceis de degradar no corpo humano e nas esta\u00e7\u00f5es de tratamento de \u00e1gua. Lembrando que, especialistas tamb\u00e9m alertam que as mudan\u00e7as clim\u00e1ticas est\u00e3o diretamente ligadas a qualidade da \u00e1gua, pois a redu\u00e7\u00e3o das fontes naturais fazem com que os produtos qu\u00edmicos fiquem ainda mais latentes.&nbsp;<\/p>\n","protected":false},"excerpt":{"rendered":"<p>A \u00e1gua \u00e9 fundamental para o funcionamento do nosso corpo e \u00e9 importante ingerirmos ela com qualidade. Mas, um estudos recentes revelaram que produtos qu\u00edmicos conhecidos como PFAS (subst\u00e2ncias perfluoroalquil e polifluoroalquil), que fazem parte da composi\u00e7\u00e3o de medicamentos prescritos e outros produtos de consumo, est\u00e3o contaminando a \u00e1gua pot\u00e1vel de milh\u00f5es de americanos. O [&hellip;]<\/p>\n","protected":false},"author":7,"featured_media":1618,"comment_status":"closed","ping_status":"closed","sticky":false,"template":"","format":"standard","meta":{"jnews-multi-image_gallery":[],"jnews_single_post":{"format":"standard"},"jnews_primary_category":[],"jnews_social_meta":[],"jnews_override_counter":[],"jnews_post_split":[],"footnotes":""},"categories":[1],"tags":[],"class_list":["post-1617","post","type-post","status-publish","format-standard","has-post-thumbnail","hentry","category-geral"],"_referencia":"","_links":{"self":[{"href":"https:\/\/diariodocomercio.com.br\/mix\/wp-json\/wp\/v2\/posts\/1617","targetHints":{"allow":["GET"]}}],"collection":[{"href":"https:\/\/diariodocomercio.com.br\/mix\/wp-json\/wp\/v2\/posts"}],"about":[{"href":"https:\/\/diariodocomercio.com.br\/mix\/wp-json\/wp\/v2\/types\/post"}],"author":[{"embeddable":true,"href":"https:\/\/diariodocomercio.com.br\/mix\/wp-json\/wp\/v2\/users\/7"}],"replies":[{"embeddable":true,"href":"https:\/\/diariodocomercio.com.br\/mix\/wp-json\/wp\/v2\/comments?post=1617"}],"version-history":[{"count":1,"href":"https:\/\/diariodocomercio.com.br\/mix\/wp-json\/wp\/v2\/posts\/1617\/revisions"}],"predecessor-version":[{"id":1619,"href":"https:\/\/diariodocomercio.com.br\/mix\/wp-json\/wp\/v2\/posts\/1617\/revisions\/1619"}],"wp:featuredmedia":[{"embeddable":true,"href":"https:\/\/diariodocomercio.com.br\/mix\/wp-json\/wp\/v2\/media\/1618"}],"wp:attachment":[{"href":"https:\/\/diariodocomercio.com.br\/mix\/wp-json\/wp\/v2\/media?parent=1617"}],"wp:term":[{"taxonomy":"category","embeddable":true,"href":"https:\/\/diariodocomercio.com.br\/mix\/wp-json\/wp\/v2\/categories?post=1617"},{"taxonomy":"post_tag","embeddable":true,"href":"https:\/\/diariodocomercio.com.br\/mix\/wp-json\/wp\/v2\/tags?post=1617"}],"curies":[{"name":"wp","href":"https:\/\/api.w.org\/{rel}","templated":true}]}}