{"id":16266,"date":"2025-08-15T11:42:00","date_gmt":"2025-08-15T14:42:00","guid":{"rendered":"https:\/\/diariodocomercio.com.br\/mix\/?p=16266"},"modified":"2025-08-15T11:36:09","modified_gmt":"2025-08-15T14:36:09","slug":"atriz-de-hollywood-passa-mal-e-tem-diarreia-atomica-dentro-de-aviao","status":"publish","type":"post","link":"https:\/\/diariodocomercio.com.br\/mix\/atriz-de-hollywood-passa-mal-e-tem-diarreia-atomica-dentro-de-aviao\/","title":{"rendered":"Atriz de Hollywood passa mal e tem diarreia at\u00f4mica dentro de avi\u00e3o"},"content":{"rendered":"\n<p>A <strong>atriz e influenciadora Meghan Reinertsen <\/strong>enfrentou um incidente de diarreia durante um voo de Lisboa para Indian\u00e1polis, com escala em Nova Jersey. Este epis\u00f3dio obrigou-a a permanecer no banheiro do avi\u00e3o por grande parte do percurso, devido \u00e0 intensidade das crises estomacais e epis\u00f3dios de v\u00f4mito.<\/p>\n\n\n\n<p>Relatada por Meghan em suas redes sociais, a situa\u00e7\u00e3o n\u00e3o apenas causou desconforto pessoal, como tamb\u00e9m levou ao <strong>cancelamento do pr\u00f3ximo voo<\/strong> da aeronave para uma<strong> <\/strong>limpeza completa,<strong> <\/strong>confirmada pelas autoridades devido a quest\u00f5es de insalubridade.<\/p>\n\n\n<div class=\"wp-block-image\">\n<figure class=\"aligncenter size-full is-resized\"><img decoding=\"async\" width=\"615\" height=\"409\" src=\"https:\/\/diariodocomercio.com.br\/mix\/wp-content\/uploads\/2025\/08\/0_Meghan-Reinertsen.webp\" alt=\"\" class=\"wp-image-16267\" style=\"width:528px;height:auto\" srcset=\"https:\/\/diariodocomercio.com.br\/mix\/wp-content\/uploads\/2025\/08\/0_Meghan-Reinertsen.webp 615w, https:\/\/diariodocomercio.com.br\/mix\/wp-content\/uploads\/2025\/08\/0_Meghan-Reinertsen-300x200.webp 300w, https:\/\/diariodocomercio.com.br\/mix\/wp-content\/uploads\/2025\/08\/0_Meghan-Reinertsen-150x100.webp 150w\" sizes=\"(max-width: 615px) 100vw, 615px\" \/><figcaption class=\"wp-element-caption\">Situa\u00e7\u00e3o foi relatada por Meghan em suas redes sociais (Reprodu\u00e7\u00e3o\/Redes sociais)<\/figcaption><\/figure>\n<\/div>\n\n\n<h2 class=\"wp-block-heading\">Repercuss\u00e3o nas redes&nbsp;<\/h2>\n\n\n\n<p>Meghan compartilhou sua experi\u00eancia no TikTok, onde possui mais de 92 mil seguidores. O v\u00eddeo relato ultrapassou 20 milh\u00f5es de visualiza\u00e7\u00f5es, evidenciando a r\u00e1pida viraliza\u00e7\u00e3o da hist\u00f3ria.<\/p>\n\n\n\n<p>A influenciadora tratou o assunto com humor, o que gerou uma grande resposta do p\u00fablico, que mostrou surpresa e solidariedade. Este tipo de conte\u00fado destaca como hist\u00f3rias pessoais podem ressoar globalmente, especialmente quando abordam situa\u00e7\u00f5es comuns, como imprevistos de viagem.<\/p>\n\n\n\n<h2 class=\"wp-block-heading\">Perfil profissional de Meghan Reinertsen<\/h2>\n\n\n\n<p>A carreira de Meghan inclui trabalhos em curtas-metragens e produ\u00e7\u00f5es independentes. Seu papel mais not\u00f3rio foi no curta <strong>The Ice Cream Man, <\/strong>considerado para a short list do Oscar de 2025.<\/p>\n\n\n\n<h2 class=\"wp-block-heading\">Diarreia do viajante<\/h2>\n\n\n\n<p>A <strong>&#8220;diarreia do viajante&#8221; <\/strong>\u00e9 uma condi\u00e7\u00e3o comum entre aqueles que viajam internacionalmente. Causada frequentemente pela ingest\u00e3o de alimentos ou \u00e1gua contaminados, pode ser agravada por mudan\u00e7as dr\u00e1sticas na dieta e altos n\u00edveis de estresse.<\/p>\n\n\n\n<p>Durante longos voos, onde o acesso a cuidados m\u00e9dicos \u00e9 limitado, os sintomas podem se tornar ainda mais consumidores. Preparar-se para tais situa\u00e7\u00f5es, mantendo-se hidratado e evitando alimentos de origem duvidosa, \u00e9 essencial para minimizar riscos.<\/p>\n","protected":false},"excerpt":{"rendered":"<p>Situa\u00e7\u00e3o foi relatada pela artista em suas redes sociais. Confira detalhes do caso.<\/p>\n","protected":false},"author":12,"featured_media":15352,"comment_status":"closed","ping_status":"closed","sticky":false,"template":"","format":"standard","meta":{"jnews-multi-image_gallery":[],"jnews_single_post":{"format":"standard"},"jnews_primary_category":[],"jnews_social_meta":[],"jnews_override_counter":[],"jnews_post_split":[],"footnotes":""},"categories":[1],"tags":[],"class_list":["post-16266","post","type-post","status-publish","format-standard","has-post-thumbnail","hentry","category-geral"],"_referencia":"","_links":{"self":[{"href":"https:\/\/diariodocomercio.com.br\/mix\/wp-json\/wp\/v2\/posts\/16266","targetHints":{"allow":["GET"]}}],"collection":[{"href":"https:\/\/diariodocomercio.com.br\/mix\/wp-json\/wp\/v2\/posts"}],"about":[{"href":"https:\/\/diariodocomercio.com.br\/mix\/wp-json\/wp\/v2\/types\/post"}],"author":[{"embeddable":true,"href":"https:\/\/diariodocomercio.com.br\/mix\/wp-json\/wp\/v2\/users\/12"}],"replies":[{"embeddable":true,"href":"https:\/\/diariodocomercio.com.br\/mix\/wp-json\/wp\/v2\/comments?post=16266"}],"version-history":[{"count":1,"href":"https:\/\/diariodocomercio.com.br\/mix\/wp-json\/wp\/v2\/posts\/16266\/revisions"}],"predecessor-version":[{"id":16268,"href":"https:\/\/diariodocomercio.com.br\/mix\/wp-json\/wp\/v2\/posts\/16266\/revisions\/16268"}],"wp:featuredmedia":[{"embeddable":true,"href":"https:\/\/diariodocomercio.com.br\/mix\/wp-json\/wp\/v2\/media\/15352"}],"wp:attachment":[{"href":"https:\/\/diariodocomercio.com.br\/mix\/wp-json\/wp\/v2\/media?parent=16266"}],"wp:term":[{"taxonomy":"category","embeddable":true,"href":"https:\/\/diariodocomercio.com.br\/mix\/wp-json\/wp\/v2\/categories?post=16266"},{"taxonomy":"post_tag","embeddable":true,"href":"https:\/\/diariodocomercio.com.br\/mix\/wp-json\/wp\/v2\/tags?post=16266"}],"curies":[{"name":"wp","href":"https:\/\/api.w.org\/{rel}","templated":true}]}}