{"id":1628,"date":"2025-01-25T19:15:41","date_gmt":"2025-01-25T22:15:41","guid":{"rendered":"https:\/\/diariodocomercio.com.br\/mix\/?p=1628"},"modified":"2025-01-23T14:38:28","modified_gmt":"2025-01-23T17:38:28","slug":"cpf-na-nota-e-perigoso-saiba-se-voce-deve-informar","status":"publish","type":"post","link":"https:\/\/diariodocomercio.com.br\/mix\/cpf-na-nota-e-perigoso-saiba-se-voce-deve-informar\/","title":{"rendered":"CPF na nota \u00e9 perigoso? Saiba se voc\u00ea deve informar"},"content":{"rendered":"\n<p>Foi comprar algo, na hora de finalizar, o vendedor perguntou &#8220;CPF na nota&#8221; e voc\u00ea ficou sem ter muita certeza do que responder? Entenda se existe algum perigo em incluir seu CPF na nota fiscal e quais as vantagens dessa inclus\u00e3o.<\/p>\n\n\n\n<p>V\u00e1rios estados brasileiros t\u00eam programas para incentivar a colocar o CPF na nota. O objetivo \u00e9 continuar com a obrigatoriedade de estabelecimentos e comerciantes emitirem notas ap\u00f3s uma transa\u00e7\u00e3o comercial. Se o comerciante n\u00e3o emite a nota, configura-se descumprimento da legisla\u00e7\u00e3o tribut\u00e1ria, o que pode at\u00e9 indicar crime de sonega\u00e7\u00e3o de impostos. <\/p>\n\n\n\n<p>N\u00e3o existe perigo de informar seu CPF na nota. Algumas pessoas acreditam que isso aumenta o risco de fraude, mas isso n\u00e3o passa de um mito, ent\u00e3o pode ficar despreocupado.<\/p>\n\n\n\n<p>Mas existem alguma vantagem para voc\u00ea, consumidor, em colocar seus dados na nota? Sim, basta voc\u00ea se inscrever no programa de benef\u00edcios do seu estado e descobrir quais vantagens ele oferece para quem coloca o CPF na nota. Os benef\u00edcios variam de estado para estado &#8211; lembrando que nem todos os estados brasileiros aderiram a esses programas. Alguns benef\u00edcios comuns, segundo o blog do Serasa, s\u00e3o:<\/p>\n\n\n\n<ul class=\"wp-block-list\">\n<li>Sorteios de pr\u00eamios;<\/li>\n\n\n\n<li>Resgate de cr\u00e9dito acumulados;<\/li>\n\n\n\n<li>Desconto no IPVA ou no IPTU;<\/li>\n\n\n\n<li>Convers\u00e3o dos cr\u00e9ditos acumulados em cr\u00e9ditos para o celular;<\/li>\n\n\n\n<li>Troca dos cr\u00e9ditos acumulados em ingressos para shows;<\/li>\n\n\n\n<li>Possibilidade de doar para entidades sociais.<\/li>\n<\/ul>\n\n\n\n<h2 class=\"wp-block-heading\">Quais estados t\u00eam programas de incentivo para colocar CPF na nota?<\/h2>\n\n\n\n<ul class=\"wp-block-list\">\n<li><strong>Alagoas<\/strong>: Nota Fiscal Cidad\u00e3;<\/li>\n\n\n\n<li><strong>Amazonas<\/strong>: Nota Fiscal Amazonense;<\/li>\n\n\n\n<li><strong>Bahia<\/strong>: Nota Premiada Bahia;<\/li>\n\n\n\n<li><strong>Cear\u00e1<\/strong>: Sua Nota Tem Valor;<\/li>\n\n\n\n<li><strong>Distrito Federal<\/strong>: Nota Legal;<\/li>\n\n\n\n<li><strong>Esp\u00edrito Santo<\/strong>: Nota Premiada Capixaba;<\/li>\n\n\n\n<li><strong>Goi\u00e1s<\/strong>: Nota Fiscal Goiana;<\/li>\n\n\n\n<li><strong>Mato Grosso<\/strong>: Nota MT;<\/li>\n\n\n\n<li><strong>Maranh\u00e3o<\/strong>: Nota Legal;<\/li>\n\n\n\n<li><strong>Minas Gerais<\/strong>: Nota Fiscal Mineira;<\/li>\n\n\n\n<li><strong>Par\u00e1<\/strong>: Nota Fiscal Cidad\u00e3;<\/li>\n\n\n\n<li><strong>Paran\u00e1<\/strong>: Nota Paran\u00e1;<\/li>\n\n\n\n<li><strong>Rio de Janeiro<\/strong>: Nota Carioca;<\/li>\n\n\n\n<li><strong>Rio Grande do Norte<\/strong>: Nota Potiguar;<\/li>\n\n\n\n<li><strong>Rio Grande do Sul<\/strong>: Nota Fiscal Ga\u00facha;<\/li>\n\n\n\n<li><strong>Rond\u00f4nia<\/strong>: Nota Legal Rondoniense;<\/li>\n\n\n\n<li><strong>Sergipe<\/strong>: Nota da Gente;<\/li>\n\n\n\n<li><strong>S\u00e3o Paulo<\/strong>: Nota Fiscal Paulista.<\/li>\n<\/ul>\n","protected":false},"excerpt":{"rendered":"<p>V\u00e1rios estados t\u00eam programas de incentivo para os consumidos colocarem seu CPF na nota fiscal, entenda o motivo e os benef\u00edcios.<\/p>\n","protected":false},"author":6,"featured_media":1629,"comment_status":"closed","ping_status":"closed","sticky":false,"template":"","format":"standard","meta":{"jnews-multi-image_gallery":[],"jnews_single_post":{"format":"standard"},"jnews_primary_category":[],"jnews_social_meta":[],"jnews_override_counter":[],"jnews_post_split":[],"footnotes":""},"categories":[1],"tags":[],"class_list":["post-1628","post","type-post","status-publish","format-standard","has-post-thumbnail","hentry","category-geral"],"_referencia":"","_links":{"self":[{"href":"https:\/\/diariodocomercio.com.br\/mix\/wp-json\/wp\/v2\/posts\/1628","targetHints":{"allow":["GET"]}}],"collection":[{"href":"https:\/\/diariodocomercio.com.br\/mix\/wp-json\/wp\/v2\/posts"}],"about":[{"href":"https:\/\/diariodocomercio.com.br\/mix\/wp-json\/wp\/v2\/types\/post"}],"author":[{"embeddable":true,"href":"https:\/\/diariodocomercio.com.br\/mix\/wp-json\/wp\/v2\/users\/6"}],"replies":[{"embeddable":true,"href":"https:\/\/diariodocomercio.com.br\/mix\/wp-json\/wp\/v2\/comments?post=1628"}],"version-history":[{"count":1,"href":"https:\/\/diariodocomercio.com.br\/mix\/wp-json\/wp\/v2\/posts\/1628\/revisions"}],"predecessor-version":[{"id":1630,"href":"https:\/\/diariodocomercio.com.br\/mix\/wp-json\/wp\/v2\/posts\/1628\/revisions\/1630"}],"wp:featuredmedia":[{"embeddable":true,"href":"https:\/\/diariodocomercio.com.br\/mix\/wp-json\/wp\/v2\/media\/1629"}],"wp:attachment":[{"href":"https:\/\/diariodocomercio.com.br\/mix\/wp-json\/wp\/v2\/media?parent=1628"}],"wp:term":[{"taxonomy":"category","embeddable":true,"href":"https:\/\/diariodocomercio.com.br\/mix\/wp-json\/wp\/v2\/categories?post=1628"},{"taxonomy":"post_tag","embeddable":true,"href":"https:\/\/diariodocomercio.com.br\/mix\/wp-json\/wp\/v2\/tags?post=1628"}],"curies":[{"name":"wp","href":"https:\/\/api.w.org\/{rel}","templated":true}]}}