{"id":16549,"date":"2025-08-19T19:22:00","date_gmt":"2025-08-19T22:22:00","guid":{"rendered":"https:\/\/diariodocomercio.com.br\/mix\/?p=16549"},"modified":"2025-08-19T18:55:19","modified_gmt":"2025-08-19T21:55:19","slug":"sampaoli-aceita-voltar-ao-brasil-para-treinar-o-santos","status":"publish","type":"post","link":"https:\/\/diariodocomercio.com.br\/mix\/sampaoli-aceita-voltar-ao-brasil-para-treinar-o-santos\/","title":{"rendered":"Sampaoli aceita voltar ao Brasil para treinar o Santos"},"content":{"rendered":"\n<p>Ap\u00f3s a sa\u00edda de Cl\u00e9ber Xavier, o <strong>Santos <\/strong>iniciou movimenta\u00e7\u00f5es no mercado em busca de um novo treinador e realizou consultas a dois nomes estrangeiros: os argentinos <strong>Ram\u00f3n D\u00edaz<\/strong> e <strong>Jorge Sampaoli.<\/strong> As negocia\u00e7\u00f5es seguiram caminhos diferentes.<\/p>\n\n\n\n<p>No caso de Ram\u00f3n D\u00edaz, houve uma proposta oficial. A informa\u00e7\u00e3o foi confirmada por Emiliano D\u00edaz, filho e auxiliar t\u00e9cnico do treinador. Ambos, no entanto, recusaram o convite feito pelo clube. A not\u00edcia foi inicialmente divulgada pelo portal ge e teve confirma\u00e7\u00e3o adicional do rep\u00f3rter Luis Fabiani, da R\u00e1dio Bandeirantes.<\/p>\n\n\n\n<p>Com rela\u00e7\u00e3o a Jorge Sampaoli, a diretoria santista tamb\u00e9m sinalizou interesse. O jornalista argentino C\u00e9sar Luis Merlo relatou que o t\u00e9cnico est\u00e1<strong> disposto a assumir o cargo, <\/strong>mas imp\u00f4s uma condi\u00e7\u00e3o: refor\u00e7os no elenco.<\/p>\n\n\n\n<p>Segundo Merlo, Sampaoli considera o convite um desafio relevante e demonstrou<strong> disposi\u00e7\u00e3o para trabalhar no clube<\/strong>, desde que a dire\u00e7\u00e3o se comprometa a fortalecer o grupo de jogadores com novas contrata\u00e7\u00f5es.<\/p>\n\n\n\n<h2 class=\"wp-block-heading\">Santos segue sem um nome definido&nbsp;<\/h2>\n\n\n\n<p>Diante das negativas e exig\u00eancias, o Santos<strong> segue sem um nome definido <\/strong>para comandar a equipe. A diretoria avalia as op\u00e7\u00f5es dispon\u00edveis no mercado enquanto busca alinhar o projeto esportivo com os interesses dos treinadores consultados.<\/p>\n\n\n\n<p>A situa\u00e7\u00e3o acontece em um momento de instabilidade no departamento de futebol do clube, que tenta encontrar solu\u00e7\u00f5es r\u00e1pidas para melhorar o desempenho da equipe na temporada. Ap\u00f3s a demiss\u00e3o de F\u00e1bio Carille, Cl\u00e9ber Xavier assumiu interinamente, mas n\u00e3o permaneceu no cargo, o que levou a diretoria a procurar alternativas imediatas.<\/p>\n","protected":false},"excerpt":{"rendered":"<p>Sampaoli teria demonstrado disposi\u00e7\u00e3o para trabalhar no clube. Confira detalhes.<\/p>\n","protected":false},"author":12,"featured_media":16550,"comment_status":"closed","ping_status":"closed","sticky":false,"template":"","format":"standard","meta":{"jnews-multi-image_gallery":[],"jnews_single_post":{"format":"standard"},"jnews_primary_category":[],"jnews_social_meta":[],"jnews_override_counter":[],"jnews_post_split":[],"footnotes":""},"categories":[1],"tags":[],"class_list":["post-16549","post","type-post","status-publish","format-standard","has-post-thumbnail","hentry","category-geral"],"_referencia":"","_links":{"self":[{"href":"https:\/\/diariodocomercio.com.br\/mix\/wp-json\/wp\/v2\/posts\/16549","targetHints":{"allow":["GET"]}}],"collection":[{"href":"https:\/\/diariodocomercio.com.br\/mix\/wp-json\/wp\/v2\/posts"}],"about":[{"href":"https:\/\/diariodocomercio.com.br\/mix\/wp-json\/wp\/v2\/types\/post"}],"author":[{"embeddable":true,"href":"https:\/\/diariodocomercio.com.br\/mix\/wp-json\/wp\/v2\/users\/12"}],"replies":[{"embeddable":true,"href":"https:\/\/diariodocomercio.com.br\/mix\/wp-json\/wp\/v2\/comments?post=16549"}],"version-history":[{"count":1,"href":"https:\/\/diariodocomercio.com.br\/mix\/wp-json\/wp\/v2\/posts\/16549\/revisions"}],"predecessor-version":[{"id":16551,"href":"https:\/\/diariodocomercio.com.br\/mix\/wp-json\/wp\/v2\/posts\/16549\/revisions\/16551"}],"wp:featuredmedia":[{"embeddable":true,"href":"https:\/\/diariodocomercio.com.br\/mix\/wp-json\/wp\/v2\/media\/16550"}],"wp:attachment":[{"href":"https:\/\/diariodocomercio.com.br\/mix\/wp-json\/wp\/v2\/media?parent=16549"}],"wp:term":[{"taxonomy":"category","embeddable":true,"href":"https:\/\/diariodocomercio.com.br\/mix\/wp-json\/wp\/v2\/categories?post=16549"},{"taxonomy":"post_tag","embeddable":true,"href":"https:\/\/diariodocomercio.com.br\/mix\/wp-json\/wp\/v2\/tags?post=16549"}],"curies":[{"name":"wp","href":"https:\/\/api.w.org\/{rel}","templated":true}]}}