{"id":16552,"date":"2025-08-19T19:49:00","date_gmt":"2025-08-19T22:49:00","guid":{"rendered":"https:\/\/diariodocomercio.com.br\/mix\/?p=16552"},"modified":"2025-08-19T19:01:35","modified_gmt":"2025-08-19T22:01:35","slug":"virginia-abre-o-jogo-sobre-novo-romance-apos-termino-com-ze-felipe","status":"publish","type":"post","link":"https:\/\/diariodocomercio.com.br\/mix\/virginia-abre-o-jogo-sobre-novo-romance-apos-termino-com-ze-felipe\/","title":{"rendered":"Virginia abre o jogo sobre novo romance ap\u00f3s t\u00e9rmino com Z\u00e9 Felipe"},"content":{"rendered":"\n<p>Tr\u00eas meses ap\u00f3s o t\u00e9rmino de seu casamento com o cantor Z\u00e9 Felipe, a influenciadora <strong>Virg\u00ednia Fonseca<\/strong> afirmou que ainda <strong>n\u00e3o se envolveu romanticamente com ningu\u00e9m<\/strong>. Em declara\u00e7\u00e3o ao Portal L\u00e9o Dias, durante um evento em S\u00e3o Paulo no \u00faltimo fim de semana, a empres\u00e1ria explicou que a rotina intensa de trabalho, somada \u00e0 dedica\u00e7\u00e3o aos filhos, tem deixado pouco espa\u00e7o para sua vida pessoal.<\/p>\n\n\n\n<p>Segundo a influenciadora, a aus\u00eancia de novos relacionamentos n\u00e3o se deve \u00e0 falta de interesse, mas sim \u00e0 agenda profissional e \u00e0s responsabilidades familiares que ocupam a maior parte de seu tempo.&nbsp;<\/p>\n\n\n\n<p>Virg\u00ednia tem mantido uma agenda cheia desde a separa\u00e7\u00e3o, o que, segundo ela, impossibilitou novos encontros ou qualquer envolvimento afetivo.<\/p>\n\n\n\n<h2 class=\"wp-block-heading\">Nomes de poss\u00edveis romances foram especulados<\/h2>\n\n\n\n<p>Apesar da afirma\u00e7\u00e3o, nomes j\u00e1 foram especulados como poss\u00edveis novos interesses amorosos da influenciadora desde que ela se tornou solteira. O primeiro deles foi o da tamb\u00e9m influenciadora <strong>Duda Freire.<\/strong> Os rumores come\u00e7aram ap\u00f3s uma viagem realizada pelas duas e foram alimentados por intera\u00e7\u00f5es p\u00fablicas e trocas de elogios nas redes sociais.<\/p>\n\n\n\n<p>Posteriormente, surgiram especula\u00e7\u00f5es envolvendo o nome do jogador <strong>Vini Jr.<\/strong> A poss\u00edvel aproxima\u00e7\u00e3o ganhou for\u00e7a ap\u00f3s Virg\u00ednia manter em sigilo sua presen\u00e7a em uma festa promovida pelo atleta, realizada em julho, no Rio de Janeiro. O fato de n\u00e3o ter confirmado oficialmente sua participa\u00e7\u00e3o no evento contribuiu para aumentar o burburinho nas redes sociais.<\/p>\n\n\n\n<p>Desde o fim do relacionamento com Z\u00e9 Felipe, com quem tem dois filhos, Virg\u00ednia tem sido alvo frequente de especula\u00e7\u00f5es sobre sua vida amorosa. At\u00e9 o momento, no entanto, a influenciadora nega qualquer envolvimento e segue focada em seus projetos profissionais e na cria\u00e7\u00e3o das crian\u00e7as.<\/p>\n","protected":false},"excerpt":{"rendered":"<p>Tr\u00eas meses ap\u00f3s o t\u00e9rmino de seu casamento com o cantor Z\u00e9 Felipe, a influenciadora abriu o jogo sobre sua atual vida amorosa.<\/p>\n","protected":false},"author":12,"featured_media":12471,"comment_status":"closed","ping_status":"closed","sticky":false,"template":"","format":"standard","meta":{"jnews-multi-image_gallery":[],"jnews_single_post":{"format":"standard"},"jnews_primary_category":[],"jnews_social_meta":[],"jnews_override_counter":[],"jnews_post_split":[],"footnotes":""},"categories":[1],"tags":[],"class_list":["post-16552","post","type-post","status-publish","format-standard","has-post-thumbnail","hentry","category-geral"],"_referencia":"","_links":{"self":[{"href":"https:\/\/diariodocomercio.com.br\/mix\/wp-json\/wp\/v2\/posts\/16552","targetHints":{"allow":["GET"]}}],"collection":[{"href":"https:\/\/diariodocomercio.com.br\/mix\/wp-json\/wp\/v2\/posts"}],"about":[{"href":"https:\/\/diariodocomercio.com.br\/mix\/wp-json\/wp\/v2\/types\/post"}],"author":[{"embeddable":true,"href":"https:\/\/diariodocomercio.com.br\/mix\/wp-json\/wp\/v2\/users\/12"}],"replies":[{"embeddable":true,"href":"https:\/\/diariodocomercio.com.br\/mix\/wp-json\/wp\/v2\/comments?post=16552"}],"version-history":[{"count":1,"href":"https:\/\/diariodocomercio.com.br\/mix\/wp-json\/wp\/v2\/posts\/16552\/revisions"}],"predecessor-version":[{"id":16553,"href":"https:\/\/diariodocomercio.com.br\/mix\/wp-json\/wp\/v2\/posts\/16552\/revisions\/16553"}],"wp:featuredmedia":[{"embeddable":true,"href":"https:\/\/diariodocomercio.com.br\/mix\/wp-json\/wp\/v2\/media\/12471"}],"wp:attachment":[{"href":"https:\/\/diariodocomercio.com.br\/mix\/wp-json\/wp\/v2\/media?parent=16552"}],"wp:term":[{"taxonomy":"category","embeddable":true,"href":"https:\/\/diariodocomercio.com.br\/mix\/wp-json\/wp\/v2\/categories?post=16552"},{"taxonomy":"post_tag","embeddable":true,"href":"https:\/\/diariodocomercio.com.br\/mix\/wp-json\/wp\/v2\/tags?post=16552"}],"curies":[{"name":"wp","href":"https:\/\/api.w.org\/{rel}","templated":true}]}}