{"id":16636,"date":"2025-08-20T18:38:36","date_gmt":"2025-08-20T21:38:36","guid":{"rendered":"https:\/\/diariodocomercio.com.br\/mix\/?p=16636"},"modified":"2025-08-20T18:38:39","modified_gmt":"2025-08-20T21:38:39","slug":"governo-anuncia-reducao-de-quase-50-no-ipva-e-brasileiros-comemoram","status":"publish","type":"post","link":"https:\/\/diariodocomercio.com.br\/mix\/governo-anuncia-reducao-de-quase-50-no-ipva-e-brasileiros-comemoram\/","title":{"rendered":"Governo anuncia redu\u00e7\u00e3o de quase 50% no IPVA e brasileiros comemoram"},"content":{"rendered":"\n<p>O<strong> Paran\u00e1 <\/strong>est\u00e1 prestes a realizar uma mudan\u00e7a significativa em seu sistema tribut\u00e1rio. O governador Carlos Massa Ratinho Junior anunciou que, a partir de 2026, a al\u00edquota do Imposto sobre a Propriedade de Ve\u00edculos Automotores (IPVA) ser\u00e1<strong> reduzida de 3,5% para 1,9%<\/strong> sobre o valor venal dos ve\u00edculos. A medida posicionar\u00e1 o estado como o detentor da menor al\u00edquota de IPVA do Brasil.<\/p>\n\n\n\n<p>A decis\u00e3o afetar\u00e1 cerca de 3,4 milh\u00f5es de propriet\u00e1rios de ve\u00edculos no estado, representando quase 83% da frota tributada, que totaliza 4,1 milh\u00f5es de ve\u00edculos.<\/p>\n\n\n\n<p>A iniciativa visa reduzir a carga tribut\u00e1ria para propriet\u00e1rios de autom\u00f3veis, resultando em uma economia significativa. Por exemplo, o propriet\u00e1rio de um ve\u00edculo avaliado em R$ 50.000, que atualmente paga R$ 1.750 de IPVA, pagar\u00e1 R$ 950 a partir de 2026.<\/p>\n\n\n\n<h2 class=\"wp-block-heading\">Impactos econ\u00f4micos do IPVA reduzido<\/h2>\n\n\n\n<p>A redu\u00e7\u00e3o no IPVA tem potencial para aliviar os or\u00e7amentos familiares e <strong>estimular a economia estadual<\/strong>. O acr\u00e9scimo no poder aquisitivo dos paranaenses pode fomentar o consumo em outros setores. Estima-se que as categorias mais beneficiadas ser\u00e3o autom\u00f3veis e motocicletas acima de 170 cilindradas.<\/p>\n\n\n\n<p>A al\u00edquota para \u00f4nibus, caminh\u00f5es e ve\u00edculos de aluguel <strong>continua em 1%. <\/strong>Este grupo de ve\u00edculos mant\u00e9m uma al\u00edquota diferenciada, devido \u00e0s suas especificidades de uso. Assim, o impacto principal recair\u00e1 sobre os ve\u00edculos de uso pessoal e comercial leve.<\/p>\n\n\n\n<h2 class=\"wp-block-heading\">Estrat\u00e9gias fiscais para compensa\u00e7\u00e3o<\/h2>\n\n\n\n<p>Para manter o equil\u00edbrio fiscal diante da redu\u00e7\u00e3o na arrecada\u00e7\u00e3o do IPVA, o governo aumentar\u00e1 a multa por atraso no pagamento do imposto, de 10% para 20%.<\/p>\n\n\n\n<p>Al\u00e9m disso, a administra\u00e7\u00e3o estadual visa atrair de volta ve\u00edculos emplacados em estados como Santa Catarina, onde a al\u00edquota \u00e9 de 2%.<\/p>\n","protected":false},"excerpt":{"rendered":"<p>A iniciativa visa reduzir a carga tribut\u00e1ria para propriet\u00e1rios de autom\u00f3veis.<\/p>\n","protected":false},"author":12,"featured_media":11027,"comment_status":"closed","ping_status":"closed","sticky":false,"template":"","format":"standard","meta":{"jnews-multi-image_gallery":[],"jnews_single_post":{"format":"standard"},"jnews_primary_category":[],"jnews_social_meta":[],"jnews_override_counter":[],"jnews_post_split":[],"footnotes":""},"categories":[1],"tags":[],"class_list":["post-16636","post","type-post","status-publish","format-standard","has-post-thumbnail","hentry","category-geral"],"_referencia":"","_links":{"self":[{"href":"https:\/\/diariodocomercio.com.br\/mix\/wp-json\/wp\/v2\/posts\/16636","targetHints":{"allow":["GET"]}}],"collection":[{"href":"https:\/\/diariodocomercio.com.br\/mix\/wp-json\/wp\/v2\/posts"}],"about":[{"href":"https:\/\/diariodocomercio.com.br\/mix\/wp-json\/wp\/v2\/types\/post"}],"author":[{"embeddable":true,"href":"https:\/\/diariodocomercio.com.br\/mix\/wp-json\/wp\/v2\/users\/12"}],"replies":[{"embeddable":true,"href":"https:\/\/diariodocomercio.com.br\/mix\/wp-json\/wp\/v2\/comments?post=16636"}],"version-history":[{"count":1,"href":"https:\/\/diariodocomercio.com.br\/mix\/wp-json\/wp\/v2\/posts\/16636\/revisions"}],"predecessor-version":[{"id":16639,"href":"https:\/\/diariodocomercio.com.br\/mix\/wp-json\/wp\/v2\/posts\/16636\/revisions\/16639"}],"wp:featuredmedia":[{"embeddable":true,"href":"https:\/\/diariodocomercio.com.br\/mix\/wp-json\/wp\/v2\/media\/11027"}],"wp:attachment":[{"href":"https:\/\/diariodocomercio.com.br\/mix\/wp-json\/wp\/v2\/media?parent=16636"}],"wp:term":[{"taxonomy":"category","embeddable":true,"href":"https:\/\/diariodocomercio.com.br\/mix\/wp-json\/wp\/v2\/categories?post=16636"},{"taxonomy":"post_tag","embeddable":true,"href":"https:\/\/diariodocomercio.com.br\/mix\/wp-json\/wp\/v2\/tags?post=16636"}],"curies":[{"name":"wp","href":"https:\/\/api.w.org\/{rel}","templated":true}]}}