{"id":16702,"date":"2025-08-21T14:57:31","date_gmt":"2025-08-21T17:57:31","guid":{"rendered":"https:\/\/diariodocomercio.com.br\/mix\/?p=16702"},"modified":"2025-08-21T14:57:34","modified_gmt":"2025-08-21T17:57:34","slug":"imagem-da-nasa-mostra-marte-como-voce-nunca-viu-cenario-em-alta-definicao","status":"publish","type":"post","link":"https:\/\/diariodocomercio.com.br\/mix\/imagem-da-nasa-mostra-marte-como-voce-nunca-viu-cenario-em-alta-definicao\/","title":{"rendered":"Imagem da NASA mostra Marte como voc\u00ea nunca viu; cen\u00e1rio em alta defini\u00e7\u00e3o"},"content":{"rendered":"\n<p>A<strong> NASA <\/strong>divulgou imagens de <strong>Marte<\/strong> que impressionaram a comunidade cient\u00edfica. Capturadas pelo rover Perseverance, as fotos mostram um c\u00e9u surpreendentemente azul. Esse registro foi poss\u00edvel gra\u00e7as a um aprimoramento de cores na c\u00e2mera do rover, destacando forma\u00e7\u00f5es geol\u00f3gicas \u00fanicas na regi\u00e3o de Falbreen.<\/p>\n\n\n\n<p>A t\u00e9cnica ajustou o contraste das imagens, criando a impress\u00e3o de um c\u00e9u azul que <strong>n\u00e3o corresponde \u00e0 realidade marciana.<\/strong><\/p>\n\n\n\n<p><strong>Veja a imagem: <\/strong><\/p>\n\n\n<div class=\"wp-block-image\">\n<figure class=\"aligncenter size-full is-resized\"><img decoding=\"async\" width=\"1024\" height=\"699\" src=\"https:\/\/diariodocomercio.com.br\/mix\/wp-content\/uploads\/2025\/08\/nasa-revela-marte-como-nunca-antes-veja-a-imagem-mais-impressionante-do-planeta-vermelho-1755551378247_1024.webp\" alt=\"\" class=\"wp-image-16705\" style=\"width:766px;height:auto\" srcset=\"https:\/\/diariodocomercio.com.br\/mix\/wp-content\/uploads\/2025\/08\/nasa-revela-marte-como-nunca-antes-veja-a-imagem-mais-impressionante-do-planeta-vermelho-1755551378247_1024.webp 1024w, https:\/\/diariodocomercio.com.br\/mix\/wp-content\/uploads\/2025\/08\/nasa-revela-marte-como-nunca-antes-veja-a-imagem-mais-impressionante-do-planeta-vermelho-1755551378247_1024-300x205.webp 300w, https:\/\/diariodocomercio.com.br\/mix\/wp-content\/uploads\/2025\/08\/nasa-revela-marte-como-nunca-antes-veja-a-imagem-mais-impressionante-do-planeta-vermelho-1755551378247_1024-768x524.webp 768w, https:\/\/diariodocomercio.com.br\/mix\/wp-content\/uploads\/2025\/08\/nasa-revela-marte-como-nunca-antes-veja-a-imagem-mais-impressionante-do-planeta-vermelho-1755551378247_1024-150x102.webp 150w, https:\/\/diariodocomercio.com.br\/mix\/wp-content\/uploads\/2025\/08\/nasa-revela-marte-como-nunca-antes-veja-a-imagem-mais-impressionante-do-planeta-vermelho-1755551378247_1024-750x512.webp 750w\" sizes=\"(max-width: 1024px) 100vw, 1024px\" \/><figcaption class=\"wp-element-caption\">Registro da superf\u00edcie de Marte feito pelo rover Perseverance (Imagem: Nasa\/JPL-Caltech\/ASU\/MSSS\/Divulga\u00e7\u00e3o)<\/figcaption><\/figure>\n<\/div>\n\n\n<h2 class=\"wp-block-heading\">A ilus\u00e3o \u00f3ptica no c\u00e9u de Marte<\/h2>\n\n\n\n<p>O c\u00e9u marciano \u00e9 geralmente avermelhado devido \u00e0 poeira rica em \u00f3xido de ferro. No entanto, a NASA utilizou um ajuste de cores para destacar contrastes no terreno, resultando em uma apar\u00eancia azulada nas imagens. Esse m\u00e9todo permite aos cientistas uma an\u00e1lise mais clara das forma\u00e7\u00f5es geol\u00f3gicas, facilitando a interpreta\u00e7\u00e3o dos dados coletados.<\/p>\n\n\n\n<p>Outra caracter\u00edstica intrigante nas imagens \u00e9 a <strong>&#8220;rocha flutuante&#8221;, <\/strong>posicionada sobre uma ondula\u00e7\u00e3o de areia a 4,4 metros do rover. Cadeias naturais, como vento ou \u00e1gua, poderiam ter transportado essa rocha at\u00e9 sua posi\u00e7\u00e3o atual, ilustrando a din\u00e2mica geol\u00f3gica do planeta.<\/p>\n\n\n\n<h2 class=\"wp-block-heading\">Detalhes revelados sob condi\u00e7\u00f5es atmosf\u00e9ricas ideais<\/h2>\n\n\n\n<p>Em um dia de condi\u00e7\u00f5es atmosf\u00e9ricas excepcionalmente favor\u00e1veis, o Perseverance capturou uma das imagens mais n\u00edtidas da miss\u00e3o iniciada em 2021. A visibilidade estendia-se por at\u00e9 65 quil\u00f4metros, mostrando claramente forma\u00e7\u00f5es rochosas e dunas de areia.<\/p>\n\n\n\n<p>A t\u00e9cnica de abras\u00e3o, utilizada pelo rover em 22 de maio, revelou materiais sob a superf\u00edcie marciana, contribuindo para uma melhor compreens\u00e3o da geologia local.<\/p>\n\n\n\n<p>Desde seu pouso na Cratera Jezero, o rover Perseverance coleta e analisa amostras, buscando evid\u00eancias de vida passada e estudando o clima marciano. As imagens de Falbreen destacam o potencial cient\u00edfico da miss\u00e3o, que avan\u00e7a no aprendizado sobre Marte. As etapas futuras prometem aprofundar o conhecimento e preparar o caminho para poss\u00edveis miss\u00f5es tripuladas.<\/p>\n","protected":false},"excerpt":{"rendered":"<p>Imagem em alta defini\u00e7\u00e3o foi registrada no solo do planeta. Veja a foto.<\/p>\n","protected":false},"author":12,"featured_media":16704,"comment_status":"closed","ping_status":"closed","sticky":false,"template":"","format":"standard","meta":{"jnews-multi-image_gallery":[],"jnews_single_post":{"format":"standard"},"jnews_primary_category":[],"jnews_social_meta":[],"jnews_override_counter":[],"jnews_post_split":[],"footnotes":""},"categories":[1],"tags":[],"class_list":["post-16702","post","type-post","status-publish","format-standard","has-post-thumbnail","hentry","category-geral"],"_referencia":"","_links":{"self":[{"href":"https:\/\/diariodocomercio.com.br\/mix\/wp-json\/wp\/v2\/posts\/16702","targetHints":{"allow":["GET"]}}],"collection":[{"href":"https:\/\/diariodocomercio.com.br\/mix\/wp-json\/wp\/v2\/posts"}],"about":[{"href":"https:\/\/diariodocomercio.com.br\/mix\/wp-json\/wp\/v2\/types\/post"}],"author":[{"embeddable":true,"href":"https:\/\/diariodocomercio.com.br\/mix\/wp-json\/wp\/v2\/users\/12"}],"replies":[{"embeddable":true,"href":"https:\/\/diariodocomercio.com.br\/mix\/wp-json\/wp\/v2\/comments?post=16702"}],"version-history":[{"count":1,"href":"https:\/\/diariodocomercio.com.br\/mix\/wp-json\/wp\/v2\/posts\/16702\/revisions"}],"predecessor-version":[{"id":16706,"href":"https:\/\/diariodocomercio.com.br\/mix\/wp-json\/wp\/v2\/posts\/16702\/revisions\/16706"}],"wp:featuredmedia":[{"embeddable":true,"href":"https:\/\/diariodocomercio.com.br\/mix\/wp-json\/wp\/v2\/media\/16704"}],"wp:attachment":[{"href":"https:\/\/diariodocomercio.com.br\/mix\/wp-json\/wp\/v2\/media?parent=16702"}],"wp:term":[{"taxonomy":"category","embeddable":true,"href":"https:\/\/diariodocomercio.com.br\/mix\/wp-json\/wp\/v2\/categories?post=16702"},{"taxonomy":"post_tag","embeddable":true,"href":"https:\/\/diariodocomercio.com.br\/mix\/wp-json\/wp\/v2\/tags?post=16702"}],"curies":[{"name":"wp","href":"https:\/\/api.w.org\/{rel}","templated":true}]}}