{"id":16707,"date":"2025-08-24T20:32:00","date_gmt":"2025-08-24T23:32:00","guid":{"rendered":"https:\/\/diariodocomercio.com.br\/mix\/?p=16707"},"modified":"2025-08-21T15:06:11","modified_gmt":"2025-08-21T18:06:11","slug":"cientista-fez-previsao-em-1925-e-so-agora-em-2025-o-mundo-ve-que-ele-estava-certo","status":"publish","type":"post","link":"https:\/\/diariodocomercio.com.br\/mix\/cientista-fez-previsao-em-1925-e-so-agora-em-2025-o-mundo-ve-que-ele-estava-certo\/","title":{"rendered":"Cientista fez previs\u00e3o em 1925 e s\u00f3 agora, em 2025, o mundo v\u00ea que ele estava certo"},"content":{"rendered":"\n<p><strong>Archibald Montgomery Low, <\/strong>um engenheiro e inventor brit\u00e2nico nascido em Londres, previu avan\u00e7os tecnol\u00f3gicos que moldariam o mundo moderno. Em <strong>1925, <\/strong>ele lan\u00e7ou o livro <strong>&#8220;The Future&#8221;,<\/strong> no qual detalhou como a tecnologia transformaria a vida nas pr\u00f3ximas d\u00e9cadas.<\/p>\n\n\n\n<p>Publicado no Reino Unido, esse trabalho apresentou uma vis\u00e3o inovadora sobre comunica\u00e7\u00e3o, energia e mobilidade, focando em como a ci\u00eancia poderia evoluir naquele per\u00edodo.<\/p>\n\n\n\n<p>Low antecipou que a<strong> televis\u00e3o substituiria os jornais<\/strong> impressos como a principal fonte de informa\u00e7\u00e3o. Embora a televis\u00e3o estivesse em seus est\u00e1gios iniciais de desenvolvimento na \u00e9poca, ele j\u00e1 reconhecia seu potencial para comunica\u00e7\u00e3o em massa.<\/p>\n\n\n\n<p>Low tamb\u00e9m previu a evolu\u00e7\u00e3o dos telefones rotativos em &#8220;telefones autom\u00e1ticos&#8221;, lan\u00e7ando as bases para a automa\u00e7\u00e3o nas comunica\u00e7\u00f5es, um conceito precursor dos smartphones atuais.<\/p>\n\n\n\n<h2 class=\"wp-block-heading\">Previs\u00f5es em energia e mobilidade<\/h2>\n\n\n\n<p>Al\u00e9m da comunica\u00e7\u00e3o, Low vislumbrou mudan\u00e7as significativas nas \u00e1reas de energia e mobilidade. Durante um per\u00edodo em que o Reino Unido dependia de combust\u00edveis f\u00f3sseis, ele antecipou o uso de <strong>energias renov\u00e1veis, <\/strong>como a e\u00f3lica e a das mar\u00e9s.<\/p>\n\n\n\n<p>Essa previs\u00e3o, feita h\u00e1 quase um s\u00e9culo, ressoa fortemente no contexto contempor\u00e2neo, onde a busca por fontes de energia sustent\u00e1veis \u00e9 urgente.<\/p>\n\n\n\n<p>Low tamb\u00e9m imaginou inova\u00e7\u00f5es para facilitar o deslocamento urbano. Ele previu a cria\u00e7\u00e3o das <strong>&#8220;cal\u00e7adas m\u00f3veis&#8221;<\/strong>, que se concretizaram nas escadas rolantes e nas esteiras transportadoras, agora comuns em locais como aeroportos e shopping centers. Tais inven\u00e7\u00f5es desempenham um papel crucial na otimiza\u00e7\u00e3o da mobilidade urbana moderna.<\/p>\n\n\n\n<h2 class=\"wp-block-heading\">Previs\u00f5es para a vida dom\u00e9stica<\/h2>\n\n\n\n<p>Em rela\u00e7\u00e3o \u00e0 vida dom\u00e9stica, Low visualizou dispositivos semelhantes aos <strong>assistentes de voz<\/strong>, como o Google Home e a Alexa. Ele descreveu um &#8220;alto-falante dom\u00e9stico&#8221; que ofereceria not\u00edcias e informa\u00e7\u00f5es, transformando a maneira como as fam\u00edlias acessariam dados em suas casas.<\/p>\n\n\n\n<p>Al\u00e9m disso, ele previu <strong>despertadores eletr\u00f4nicos<\/strong> que substituiriam m\u00e9todos antigos de acordar, um conceito que evoluiu para os despertadores digitais que s\u00e3o parte essencial da rotina de muitas pessoas hoje.<\/p>\n","protected":false},"excerpt":{"rendered":"<p>Engenheiro e inventor brit\u00e2nico previu avan\u00e7os tecnol\u00f3gicos que moldariam o mundo moderno.<\/p>\n","protected":false},"author":12,"featured_media":16708,"comment_status":"closed","ping_status":"closed","sticky":false,"template":"","format":"standard","meta":{"jnews-multi-image_gallery":[],"jnews_single_post":{"format":"standard"},"jnews_primary_category":[],"jnews_social_meta":[],"jnews_override_counter":[],"jnews_post_split":[],"footnotes":""},"categories":[1],"tags":[],"class_list":["post-16707","post","type-post","status-publish","format-standard","has-post-thumbnail","hentry","category-geral"],"_referencia":"","_links":{"self":[{"href":"https:\/\/diariodocomercio.com.br\/mix\/wp-json\/wp\/v2\/posts\/16707","targetHints":{"allow":["GET"]}}],"collection":[{"href":"https:\/\/diariodocomercio.com.br\/mix\/wp-json\/wp\/v2\/posts"}],"about":[{"href":"https:\/\/diariodocomercio.com.br\/mix\/wp-json\/wp\/v2\/types\/post"}],"author":[{"embeddable":true,"href":"https:\/\/diariodocomercio.com.br\/mix\/wp-json\/wp\/v2\/users\/12"}],"replies":[{"embeddable":true,"href":"https:\/\/diariodocomercio.com.br\/mix\/wp-json\/wp\/v2\/comments?post=16707"}],"version-history":[{"count":1,"href":"https:\/\/diariodocomercio.com.br\/mix\/wp-json\/wp\/v2\/posts\/16707\/revisions"}],"predecessor-version":[{"id":16709,"href":"https:\/\/diariodocomercio.com.br\/mix\/wp-json\/wp\/v2\/posts\/16707\/revisions\/16709"}],"wp:featuredmedia":[{"embeddable":true,"href":"https:\/\/diariodocomercio.com.br\/mix\/wp-json\/wp\/v2\/media\/16708"}],"wp:attachment":[{"href":"https:\/\/diariodocomercio.com.br\/mix\/wp-json\/wp\/v2\/media?parent=16707"}],"wp:term":[{"taxonomy":"category","embeddable":true,"href":"https:\/\/diariodocomercio.com.br\/mix\/wp-json\/wp\/v2\/categories?post=16707"},{"taxonomy":"post_tag","embeddable":true,"href":"https:\/\/diariodocomercio.com.br\/mix\/wp-json\/wp\/v2\/tags?post=16707"}],"curies":[{"name":"wp","href":"https:\/\/api.w.org\/{rel}","templated":true}]}}