{"id":16789,"date":"2025-08-23T10:48:00","date_gmt":"2025-08-23T13:48:00","guid":{"rendered":"https:\/\/diariodocomercio.com.br\/mix\/?p=16789"},"modified":"2025-08-21T19:54:48","modified_gmt":"2025-08-21T22:54:48","slug":"conheca-3-oleos-para-acabar-com-a-calvicie-e-voltar-a-ter-cabelo","status":"publish","type":"post","link":"https:\/\/diariodocomercio.com.br\/mix\/conheca-3-oleos-para-acabar-com-a-calvicie-e-voltar-a-ter-cabelo\/","title":{"rendered":"Conhe\u00e7a 3 \u00f3leos para acabar com a calv\u00edcie e voltar a ter cabelo"},"content":{"rendered":"\n<p>A aplica\u00e7\u00e3o de \u00f3leos capilares faz parte da rotina de beleza em v\u00e1rias culturas e, segundo especialistas, pode contribuir para a sa\u00fade dos fios quando feita da maneira correta.<br>De acordo com a m\u00e9dica Geetika Mittal Gupta, diretora da cl\u00ednica ISAAC Luxe, o segredo est\u00e1 na t\u00e9cnica. \u201cMassagear o couro cabeludo ajuda a aumentar a circula\u00e7\u00e3o sangu\u00ednea, favorecendo o crescimento. Mas \u00e9 preciso cuidado, porque uma massagem muito vigorosa pode quebrar os fios\u201d, explica.<\/p>\n\n\n\n<p>O ideal, segundo a especialista, \u00e9 usar movimentos circulares e leves com as pontas dos dedos, al\u00e9m de optar por \u00f3leos aquecidos, que penetram melhor no couro cabeludo.<\/p>\n\n\n\n<h2 class=\"wp-block-heading\"><strong>\u00d3leo de r\u00edcino: pot\u00eancia para o crescimento<\/strong><\/h2>\n\n\n\n<p>Rico em \u00e1cido ricinoleico, o <strong>\u00f3leo de r\u00edcino<\/strong> \u00e9 conhecido por estimular a circula\u00e7\u00e3o no couro cabeludo, fortalecendo os fol\u00edculos e reduzindo a quebra.<br><strong>Como usar:<\/strong> aplicar no couro cabeludo mecha a mecha, massageando por 5 a 10 minutos. O \u00f3leo pode agir por 1 hora ou durante a noite, sempre com prote\u00e7\u00e3o (touca ou toalha). O uso regular, duas a tr\u00eas vezes por semana, ajuda a deixar os fios mais resistentes e encorpados.<\/p>\n\n\n\n<h2 class=\"wp-block-heading\"><strong>\u00d3leo de coco: hidrata\u00e7\u00e3o e prote\u00e7\u00e3o<\/strong><\/h2>\n\n\n\n<p>Considerado um dos \u00f3leos mais vers\u00e1teis, o <strong>\u00f3leo de coco<\/strong> penetra na fibra capilar, promovendo hidrata\u00e7\u00e3o profunda e protegendo contra danos externos. Apesar de n\u00e3o atuar diretamente no crescimento, cria condi\u00e7\u00f5es ideais para que os fios cres\u00e7am fortes e saud\u00e1veis.<br><strong>Como usar:<\/strong> pode ser aplicado em cabelos secos ou \u00famidos, do comprimento \u00e0s pontas, com leve massagem no couro cabeludo. Deve agir por pelo menos 30 minutos antes da lavagem. Tamb\u00e9m pode ser usado como pr\u00e9-shampoo ou misturado a outros \u00f3leos.<\/p>\n\n\n\n<h2 class=\"wp-block-heading\"><strong>\u00d3leo de alecrim: est\u00edmulo natural<\/strong><\/h2>\n\n\n\n<p>O <strong>\u00f3leo de alecrim<\/strong> vem ganhando destaque por seu efeito estimulante no crescimento capilar. Ele melhora a circula\u00e7\u00e3o sangu\u00ednea, fortalece os fol\u00edculos e tem a\u00e7\u00e3o antioxidante, protegendo os fios contra danos.<br><strong>Como usar:<\/strong> diluir algumas gotas em \u00f3leo de coco ou de r\u00edcino e aplicar no couro cabeludo com massagem leve de 5 a 10 minutos. O ideal \u00e9 deixar agir por 1 hora ou durante a noite antes de lavar.<\/p>\n\n\n\n<h2 class=\"wp-block-heading\"><strong>Quando evitar a aplica\u00e7\u00e3o de \u00f3leos<\/strong><\/h2>\n\n\n\n<p>Apesar dos benef\u00edcios, nem todos devem aderir \u00e0 pr\u00e1tica. Pessoas com <strong>dandruff (caspa), dermatite seborreica ou psor\u00edase<\/strong> devem evitar o uso de \u00f3leos, j\u00e1 que eles podem aumentar a descama\u00e7\u00e3o e a irrita\u00e7\u00e3o no couro cabeludo.<\/p>\n","protected":false},"excerpt":{"rendered":"<p>A aplica\u00e7\u00e3o de \u00f3leos capilares faz parte da rotina de beleza em v\u00e1rias culturas e, segundo especialistas, pode contribuir para a sa\u00fade dos fios quando feita da maneira correta.De acordo com a m\u00e9dica Geetika Mittal Gupta, diretora da cl\u00ednica ISAAC Luxe, o segredo est\u00e1 na t\u00e9cnica. \u201cMassagear o couro cabeludo ajuda a aumentar a circula\u00e7\u00e3o [&hellip;]<\/p>\n","protected":false},"author":9,"featured_media":15136,"comment_status":"closed","ping_status":"closed","sticky":false,"template":"","format":"standard","meta":{"jnews-multi-image_gallery":[],"jnews_single_post":{"format":"standard"},"jnews_primary_category":[],"jnews_social_meta":[],"jnews_override_counter":[],"jnews_post_split":[],"footnotes":""},"categories":[1],"tags":[],"class_list":["post-16789","post","type-post","status-publish","format-standard","has-post-thumbnail","hentry","category-geral"],"_referencia":"","_links":{"self":[{"href":"https:\/\/diariodocomercio.com.br\/mix\/wp-json\/wp\/v2\/posts\/16789","targetHints":{"allow":["GET"]}}],"collection":[{"href":"https:\/\/diariodocomercio.com.br\/mix\/wp-json\/wp\/v2\/posts"}],"about":[{"href":"https:\/\/diariodocomercio.com.br\/mix\/wp-json\/wp\/v2\/types\/post"}],"author":[{"embeddable":true,"href":"https:\/\/diariodocomercio.com.br\/mix\/wp-json\/wp\/v2\/users\/9"}],"replies":[{"embeddable":true,"href":"https:\/\/diariodocomercio.com.br\/mix\/wp-json\/wp\/v2\/comments?post=16789"}],"version-history":[{"count":1,"href":"https:\/\/diariodocomercio.com.br\/mix\/wp-json\/wp\/v2\/posts\/16789\/revisions"}],"predecessor-version":[{"id":16790,"href":"https:\/\/diariodocomercio.com.br\/mix\/wp-json\/wp\/v2\/posts\/16789\/revisions\/16790"}],"wp:featuredmedia":[{"embeddable":true,"href":"https:\/\/diariodocomercio.com.br\/mix\/wp-json\/wp\/v2\/media\/15136"}],"wp:attachment":[{"href":"https:\/\/diariodocomercio.com.br\/mix\/wp-json\/wp\/v2\/media?parent=16789"}],"wp:term":[{"taxonomy":"category","embeddable":true,"href":"https:\/\/diariodocomercio.com.br\/mix\/wp-json\/wp\/v2\/categories?post=16789"},{"taxonomy":"post_tag","embeddable":true,"href":"https:\/\/diariodocomercio.com.br\/mix\/wp-json\/wp\/v2\/tags?post=16789"}],"curies":[{"name":"wp","href":"https:\/\/api.w.org\/{rel}","templated":true}]}}