{"id":16940,"date":"2025-08-25T08:31:30","date_gmt":"2025-08-25T11:31:30","guid":{"rendered":"https:\/\/diariodocomercio.com.br\/mix\/?p=16940"},"modified":"2025-08-25T08:31:32","modified_gmt":"2025-08-25T11:31:32","slug":"cientistas-decidiram-excluir-planeta-do-sistema-solar-veja-qual","status":"publish","type":"post","link":"https:\/\/diariodocomercio.com.br\/mix\/cientistas-decidiram-excluir-planeta-do-sistema-solar-veja-qual\/","title":{"rendered":"Cientistas decidiram excluir planeta do Sistema Solar; veja qual"},"content":{"rendered":"\n<p>Em 24 de agosto de 2006, a Uni\u00e3o Astron\u00f4mica Internacional (IAU) tomou uma decis\u00e3o hist\u00f3rica: Plut\u00e3o deixou de ser reconhecido como o nono planeta do Sistema Solar. Desde ent\u00e3o, ele passou a integrar a categoria de \u201cplaneta an\u00e3o\u201d, ao lado de outros corpos encontrados no Cintur\u00e3o de Kuiper.<\/p>\n\n\n\n<p>A mudan\u00e7a, que completa 19 anos em 2025, alterou livros did\u00e1ticos, gerou debates acalorados entre cientistas e despertou nostalgia em muitas pessoas que cresceram aprendendo que o pequeno mundo gelado fazia parte da lista dos nove planetas.<\/p>\n\n\n\n<h2 class=\"wp-block-heading\"><strong>Por que Plut\u00e3o foi rebaixado<\/strong><\/h2>\n\n\n\n<p>A redefini\u00e7\u00e3o surgiu quando miss\u00f5es astron\u00f4micas come\u00e7aram a identificar outros objetos muito parecidos com Plut\u00e3o na regi\u00e3o al\u00e9m da \u00f3rbita de Netuno. Diante disso, a IAU elaborou crit\u00e9rios claros para determinar o que \u00e9 um planeta: orbitar o Sol, ter massa suficiente para ser esf\u00e9rico e \u201climpar\u201d sua \u00f3rbita, ou seja, ser gravitacionalmente dominante no espa\u00e7o ao redor.<\/p>\n\n\n\n<figure class=\"wp-block-image size-full\"><img decoding=\"async\" width=\"1200\" height=\"675\" src=\"https:\/\/diariodocomercio.com.br\/mix\/wp-content\/uploads\/2025\/08\/image-128.png\" alt=\"\" class=\"wp-image-16941\" srcset=\"https:\/\/diariodocomercio.com.br\/mix\/wp-content\/uploads\/2025\/08\/image-128.png 1200w, https:\/\/diariodocomercio.com.br\/mix\/wp-content\/uploads\/2025\/08\/image-128-300x169.png 300w, https:\/\/diariodocomercio.com.br\/mix\/wp-content\/uploads\/2025\/08\/image-128-768x432.png 768w, https:\/\/diariodocomercio.com.br\/mix\/wp-content\/uploads\/2025\/08\/image-128-150x84.png 150w, https:\/\/diariodocomercio.com.br\/mix\/wp-content\/uploads\/2025\/08\/image-128-750x422.png 750w, https:\/\/diariodocomercio.com.br\/mix\/wp-content\/uploads\/2025\/08\/image-128-1140x641.png 1140w\" sizes=\"(max-width: 1200px) 100vw, 1200px\" \/><figcaption class=\"wp-element-caption\">Plut\u00e3o (Reprodu\u00e7\u00e3o\/NASA\/Johns Hopkins University Applied Physics Laboratory\/Southwest Research Institute)<\/figcaption><\/figure>\n\n\n\n<p>Plut\u00e3o atende \u00e0s duas primeiras exig\u00eancias, mas falha na terceira. Localizado em uma \u00e1rea repleta de asteroides e outros corpos, ele n\u00e3o exerce controle gravitacional sobre sua vizinhan\u00e7a. Assim, deixou de ser considerado planeta principal.<\/p>\n\n\n\n<h2 class=\"wp-block-heading\"><strong>Uma decis\u00e3o ainda pol\u00eamica<\/strong><\/h2>\n\n\n\n<p>A exclus\u00e3o de Plut\u00e3o, no entanto, n\u00e3o foi aceita unanimemente. Alguns cientistas argumentam que a defini\u00e7\u00e3o da IAU \u00e9 limitada, j\u00e1 que exclui at\u00e9 exoplanetas descobertos fora do Sistema Solar. Outros criticam a forma como a vota\u00e7\u00e3o foi conduzida, sem ampla participa\u00e7\u00e3o da comunidade cient\u00edfica.<\/p>\n\n\n\n<p>Ainda assim, Plut\u00e3o segue sendo um objeto fascinante de estudo. Com sua superf\u00edcie gelada, seu \u201ccora\u00e7\u00e3o\u201d de nitrog\u00eanio e poss\u00edveis vulc\u00f5es de gelo, continua atraindo o interesse de astr\u00f4nomos e entusiastas. Para muitos, mesmo que oficialmente seja um \u201cplaneta an\u00e3o\u201d, no imagin\u00e1rio coletivo ele jamais deixar\u00e1 de ser o nono planeta.<\/p>\n","protected":false},"excerpt":{"rendered":"<p>Em 24 de agosto de 2006, a Uni\u00e3o Astron\u00f4mica Internacional (IAU) tomou uma decis\u00e3o hist\u00f3rica: Plut\u00e3o deixou de ser reconhecido como o nono planeta do Sistema Solar. Desde ent\u00e3o, ele passou a integrar a categoria de \u201cplaneta an\u00e3o\u201d, ao lado de outros corpos encontrados no Cintur\u00e3o de Kuiper. A mudan\u00e7a, que completa 19 anos em [&hellip;]<\/p>\n","protected":false},"author":9,"featured_media":13086,"comment_status":"closed","ping_status":"closed","sticky":false,"template":"","format":"standard","meta":{"jnews-multi-image_gallery":[],"jnews_single_post":{"format":"standard"},"jnews_primary_category":[],"jnews_social_meta":[],"jnews_override_counter":[],"jnews_post_split":[],"footnotes":""},"categories":[1],"tags":[],"class_list":["post-16940","post","type-post","status-publish","format-standard","has-post-thumbnail","hentry","category-geral"],"_referencia":"","_links":{"self":[{"href":"https:\/\/diariodocomercio.com.br\/mix\/wp-json\/wp\/v2\/posts\/16940","targetHints":{"allow":["GET"]}}],"collection":[{"href":"https:\/\/diariodocomercio.com.br\/mix\/wp-json\/wp\/v2\/posts"}],"about":[{"href":"https:\/\/diariodocomercio.com.br\/mix\/wp-json\/wp\/v2\/types\/post"}],"author":[{"embeddable":true,"href":"https:\/\/diariodocomercio.com.br\/mix\/wp-json\/wp\/v2\/users\/9"}],"replies":[{"embeddable":true,"href":"https:\/\/diariodocomercio.com.br\/mix\/wp-json\/wp\/v2\/comments?post=16940"}],"version-history":[{"count":1,"href":"https:\/\/diariodocomercio.com.br\/mix\/wp-json\/wp\/v2\/posts\/16940\/revisions"}],"predecessor-version":[{"id":16942,"href":"https:\/\/diariodocomercio.com.br\/mix\/wp-json\/wp\/v2\/posts\/16940\/revisions\/16942"}],"wp:featuredmedia":[{"embeddable":true,"href":"https:\/\/diariodocomercio.com.br\/mix\/wp-json\/wp\/v2\/media\/13086"}],"wp:attachment":[{"href":"https:\/\/diariodocomercio.com.br\/mix\/wp-json\/wp\/v2\/media?parent=16940"}],"wp:term":[{"taxonomy":"category","embeddable":true,"href":"https:\/\/diariodocomercio.com.br\/mix\/wp-json\/wp\/v2\/categories?post=16940"},{"taxonomy":"post_tag","embeddable":true,"href":"https:\/\/diariodocomercio.com.br\/mix\/wp-json\/wp\/v2\/tags?post=16940"}],"curies":[{"name":"wp","href":"https:\/\/api.w.org\/{rel}","templated":true}]}}