{"id":16945,"date":"2025-08-25T10:12:19","date_gmt":"2025-08-25T13:12:19","guid":{"rendered":"https:\/\/diariodocomercio.com.br\/mix\/?p=16945"},"modified":"2025-08-25T16:53:21","modified_gmt":"2025-08-25T19:53:21","slug":"incendio-de-grandes-proporcoes-atinge-famosa-fabrica-no-brasil","status":"publish","type":"post","link":"https:\/\/diariodocomercio.com.br\/mix\/incendio-de-grandes-proporcoes-atinge-famosa-fabrica-no-brasil\/","title":{"rendered":"Inc\u00eandio de grandes propor\u00e7\u00f5es atingiu famosa f\u00e1brica no Brasil"},"content":{"rendered":"\n<p>Um inc\u00eandio de grandes propor\u00e7\u00f5es atingiu, na noite de 14 de fevereiro de 2014, as instala\u00e7\u00f5es da f\u00e1brica de tecidos Sergitex, no munic\u00edpio de Est\u00e2ncia (SE). O fogo, que teria sido provocado por um curto-circuito, come\u00e7ou por volta das 20h e se espalhou rapidamente por um galp\u00e3o onde estavam armazenados fardos de algod\u00e3o e equipamentos industriais.<\/p>\n\n\n\n<p>Apesar de alguns funcion\u00e1rios estarem no local, que deveria ser inaugurado em cerca de 60 dias, n\u00e3o houve feridos. As chamas, no entanto, consumiram maquin\u00e1rios e comprometeram a estrutura met\u00e1lica do pr\u00e9dio, provocando desabamentos de paredes e tetos.<\/p>\n\n\n\n<p>A primeira guarni\u00e7\u00e3o a atuar foi a de Est\u00e2ncia, mas, diante da gravidade do inc\u00eandio, foi necess\u00e1rio refor\u00e7o do Corpo de Bombeiros de Aracaju. O trabalho de conten\u00e7\u00e3o se estendeu pela madrugada e deixou apreensivos os moradores do Povoado Baldu\u00edno, nas proximidades da f\u00e1brica. Somente ap\u00f3s a conclus\u00e3o do laudo t\u00e9cnico, divulgado posteriormente, seria poss\u00edvel confirmar oficialmente as causas do inc\u00eandio.<\/p>\n\n\n\n<h2 class=\"wp-block-heading\"><strong>Expectativas frustradas<\/strong><\/h2>\n\n\n\n<p>A destrui\u00e7\u00e3o do galp\u00e3o representou um duro golpe para os planos industriais da regi\u00e3o. A Sergitex, pertencente ao grupo paulista Rovach, havia chegado a Sergipe em 2010 com a promessa de movimentar a economia local. O terreno adquirido pela Companhia de Desenvolvimento Industrial e de Recursos Minerais de Sergipe (Codise) contava com\u00a0500 mil metros quadrados, dos quais 400 mil seriam destinados \u00e0 empresa.<\/p>\n\n\n\n<p>O projeto previa a instala\u00e7\u00e3o de um complexo t\u00eaxtil voltado \u00e0 produ\u00e7\u00e3o de jeans, com fia\u00e7\u00e3o, tecelagem, tinturaria, lavanderia e confec\u00e7\u00e3o. \u00c0 \u00e9poca, estimava-se um impacto de\u00a0mais de R$ 60 milh\u00f5es na economia sergipana, al\u00e9m da gera\u00e7\u00e3o de centenas de empregos diretos e indiretos.<\/p>\n\n\n\n<h2 class=\"wp-block-heading\"><strong>Est\u00e2ncia e a for\u00e7a industrial<\/strong><\/h2>\n\n\n\n<p>Mesmo com o rev\u00e9s, Est\u00e2ncia continuou se consolidando como um polo estrat\u00e9gico. Localizada \u00e0s margens da BR-101, com acesso facilitado a portos de Sergipe, Bahia e Pernambuco, a cidade chegou a responder, em 2020, por&nbsp;<strong>45% do PIB das exporta\u00e7\u00f5es sergipanas<\/strong>.<\/p>\n\n\n\n<p>Segundo o secret\u00e1rio municipal de Desenvolvimento Econ\u00f4mico, Carlos Blinoffi, as\u00a0<strong>Parcerias P\u00fablico-Privadas (PPPs)<\/strong> t\u00eam sido fundamentais para impulsionar o setor industrial diante das crises econ\u00f4micas enfrentadas no pa\u00eds. <\/p>\n","protected":false},"excerpt":{"rendered":"<p>Um inc\u00eandio de grandes propor\u00e7\u00f5es atingiu, na noite de 14 de fevereiro de 2014, as instala\u00e7\u00f5es da f\u00e1brica de tecidos Sergitex, no munic\u00edpio de Est\u00e2ncia (SE). O fogo, que teria sido provocado por um curto-circuito, come\u00e7ou por volta das 20h e se espalhou rapidamente por um galp\u00e3o onde estavam armazenados fardos de algod\u00e3o e equipamentos [&hellip;]<\/p>\n","protected":false},"author":9,"featured_media":16950,"comment_status":"closed","ping_status":"closed","sticky":false,"template":"","format":"standard","meta":{"jnews-multi-image_gallery":[],"jnews_single_post":{"format":"standard"},"jnews_primary_category":[],"jnews_social_meta":[],"jnews_override_counter":[],"jnews_post_split":[],"footnotes":""},"categories":[1],"tags":[],"class_list":["post-16945","post","type-post","status-publish","format-standard","has-post-thumbnail","hentry","category-geral"],"_referencia":"","_links":{"self":[{"href":"https:\/\/diariodocomercio.com.br\/mix\/wp-json\/wp\/v2\/posts\/16945","targetHints":{"allow":["GET"]}}],"collection":[{"href":"https:\/\/diariodocomercio.com.br\/mix\/wp-json\/wp\/v2\/posts"}],"about":[{"href":"https:\/\/diariodocomercio.com.br\/mix\/wp-json\/wp\/v2\/types\/post"}],"author":[{"embeddable":true,"href":"https:\/\/diariodocomercio.com.br\/mix\/wp-json\/wp\/v2\/users\/9"}],"replies":[{"embeddable":true,"href":"https:\/\/diariodocomercio.com.br\/mix\/wp-json\/wp\/v2\/comments?post=16945"}],"version-history":[{"count":2,"href":"https:\/\/diariodocomercio.com.br\/mix\/wp-json\/wp\/v2\/posts\/16945\/revisions"}],"predecessor-version":[{"id":17033,"href":"https:\/\/diariodocomercio.com.br\/mix\/wp-json\/wp\/v2\/posts\/16945\/revisions\/17033"}],"wp:featuredmedia":[{"embeddable":true,"href":"https:\/\/diariodocomercio.com.br\/mix\/wp-json\/wp\/v2\/media\/16950"}],"wp:attachment":[{"href":"https:\/\/diariodocomercio.com.br\/mix\/wp-json\/wp\/v2\/media?parent=16945"}],"wp:term":[{"taxonomy":"category","embeddable":true,"href":"https:\/\/diariodocomercio.com.br\/mix\/wp-json\/wp\/v2\/categories?post=16945"},{"taxonomy":"post_tag","embeddable":true,"href":"https:\/\/diariodocomercio.com.br\/mix\/wp-json\/wp\/v2\/tags?post=16945"}],"curies":[{"name":"wp","href":"https:\/\/api.w.org\/{rel}","templated":true}]}}