{"id":16953,"date":"2025-08-25T11:00:42","date_gmt":"2025-08-25T14:00:42","guid":{"rendered":"https:\/\/diariodocomercio.com.br\/mix\/?p=16953"},"modified":"2025-08-25T11:00:44","modified_gmt":"2025-08-25T14:00:44","slug":"20-milhoes-de-brasileiros-comemoram-novo-bonus-do-governo-federal","status":"publish","type":"post","link":"https:\/\/diariodocomercio.com.br\/mix\/20-milhoes-de-brasileiros-comemoram-novo-bonus-do-governo-federal\/","title":{"rendered":"20 milh\u00f5es de brasileiros comemoram novo b\u00f4nus do Governo Federal"},"content":{"rendered":"\n<p>A C\u00e2mara dos Deputados aprovou, na \u00faltima quinta-feira (21), o regime de urg\u00eancia para o Projeto de Lei 1.087\/2025, que amplia a faixa de isen\u00e7\u00e3o do Imposto de Renda (IR) para quem ganha at\u00e9&nbsp;<strong>R$ 5 mil mensais<\/strong>. A medida, de autoria do governo federal e relatada pelo deputado Arthur Lira (PP-AL), poder\u00e1 beneficiar diretamente cerca de&nbsp;<strong>20 milh\u00f5es de trabalhadores<\/strong>, segundo estimativa do Dieese (Departamento Intersindical de Estat\u00edstica e Estudos Socioecon\u00f4micos).<\/p>\n\n\n\n<p>A proposta tamb\u00e9m prev\u00ea&nbsp;<strong>redu\u00e7\u00e3o parcial da al\u00edquota<\/strong>&nbsp;para contribuintes com sal\u00e1rios de at\u00e9&nbsp;<strong>R$ 7,3 mil<\/strong>, o que deve alcan\u00e7ar outros 16 milh\u00f5es de brasileiros. A expectativa do Executivo \u00e9 que o texto seja votado no m\u00e9rito ainda esta semana, seguindo depois para an\u00e1lise no Senado. Caso aprovado, o novo modelo entrar\u00e1 em vigor em&nbsp;<strong>1\u00ba de janeiro de 2026<\/strong>.<\/p>\n\n\n\n<h2 class=\"wp-block-heading\"><strong>Uma promessa de campanha<\/strong><\/h2>\n\n\n\n<p>O envio do projeto ao Congresso, em mar\u00e7o deste ano, atende a uma promessa de campanha do presidente Luiz In\u00e1cio Lula da Silva (PT). Atualmente, est\u00e3o isentos do IR apenas os trabalhadores com renda de at\u00e9 dois sal\u00e1rios m\u00ednimos (R$ 3.036). Com a mudan\u00e7a, o n\u00famero de brasileiros livres da tributa\u00e7\u00e3o deve dobrar.<\/p>\n\n\n\n<p>O relator Arthur Lira incluiu ainda um ajuste que amplia a faixa de redu\u00e7\u00e3o parcial do imposto para&nbsp;<strong>at\u00e9 R$ 7.350<\/strong>, contemplando meio milh\u00e3o de contribuintes a mais do que previa o texto original.<\/p>\n\n\n\n<h3 class=\"wp-block-heading\">Compensa\u00e7\u00e3o e taxa\u00e7\u00e3o dos super-ricos<\/h3>\n\n\n\n<p>Para compensar a perda de arrecada\u00e7\u00e3o, o projeto mant\u00e9m a cobran\u00e7a de uma&nbsp;<strong>al\u00edquota progressiva de at\u00e9 10%<\/strong>&nbsp;sobre rendimentos anuais superiores a R$ 600 mil (R$ 50 mil mensais). A al\u00edquota m\u00e1xima ser\u00e1 aplicada a quem recebe mais de R$ 1,2 milh\u00e3o por ano.<\/p>\n\n\n\n<p>Outra medida prevista \u00e9 a taxa\u00e7\u00e3o de&nbsp;<strong>10% sobre dividendos enviados ao exterior<\/strong>, exceto em casos espec\u00edficos, como remessas para fundos soberanos, governos estrangeiros com reciprocidade de tratamento e entidades de previd\u00eancia no exterior.<\/p>\n\n\n\n<h2 class=\"wp-block-heading\"><strong>Apoio no Congresso<\/strong><\/h2>\n\n\n\n<p>O requerimento de urg\u00eancia teve apoio expressivo de diferentes bancadas, inclusive da oposi\u00e7\u00e3o. Para o l\u00edder do governo na C\u00e2mara, deputado Jos\u00e9 Guimar\u00e3es (PT-CE), a aprova\u00e7\u00e3o \u00e9 resultado de um acordo pol\u00edtico constru\u00eddo ao longo da semana. \u201cA expectativa \u00e9 votar o m\u00e9rito j\u00e1 na pr\u00f3xima semana\u201d, afirmou.<\/p>\n\n\n\n<p>O presidente da C\u00e2mara, Hugo Motta (Republicanos-PB), destacou que a medida ter\u00e1 impacto direto no bolso da popula\u00e7\u00e3o. \u201cEstamos tratando de uma pauta que beneficia milh\u00f5es de brasileiros e fortalece a classe m\u00e9dia do pa\u00eds\u201d, disse.<\/p>\n\n\n\n<p>Se confirmado no Senado, o projeto deve marcar a maior amplia\u00e7\u00e3o da faixa de isen\u00e7\u00e3o do IR em duas d\u00e9cadas, aliviando o or\u00e7amento de milh\u00f5es de fam\u00edlias e refor\u00e7ando a tributa\u00e7\u00e3o sobre os contribuintes de renda mais alta.<\/p>\n","protected":false},"excerpt":{"rendered":"<p>A C\u00e2mara dos Deputados aprovou, na \u00faltima quinta-feira (21), o regime de urg\u00eancia para o Projeto de Lei 1.087\/2025, que amplia a faixa de isen\u00e7\u00e3o do Imposto de Renda (IR) para quem ganha at\u00e9&nbsp;R$ 5 mil mensais. A medida, de autoria do governo federal e relatada pelo deputado Arthur Lira (PP-AL), poder\u00e1 beneficiar diretamente cerca [&hellip;]<\/p>\n","protected":false},"author":9,"featured_media":6434,"comment_status":"closed","ping_status":"closed","sticky":false,"template":"","format":"standard","meta":{"jnews-multi-image_gallery":[],"jnews_single_post":{"format":"standard"},"jnews_primary_category":[],"jnews_social_meta":[],"jnews_override_counter":[],"jnews_post_split":[],"footnotes":""},"categories":[1],"tags":[],"class_list":["post-16953","post","type-post","status-publish","format-standard","has-post-thumbnail","hentry","category-geral"],"_referencia":"","_links":{"self":[{"href":"https:\/\/diariodocomercio.com.br\/mix\/wp-json\/wp\/v2\/posts\/16953","targetHints":{"allow":["GET"]}}],"collection":[{"href":"https:\/\/diariodocomercio.com.br\/mix\/wp-json\/wp\/v2\/posts"}],"about":[{"href":"https:\/\/diariodocomercio.com.br\/mix\/wp-json\/wp\/v2\/types\/post"}],"author":[{"embeddable":true,"href":"https:\/\/diariodocomercio.com.br\/mix\/wp-json\/wp\/v2\/users\/9"}],"replies":[{"embeddable":true,"href":"https:\/\/diariodocomercio.com.br\/mix\/wp-json\/wp\/v2\/comments?post=16953"}],"version-history":[{"count":1,"href":"https:\/\/diariodocomercio.com.br\/mix\/wp-json\/wp\/v2\/posts\/16953\/revisions"}],"predecessor-version":[{"id":16959,"href":"https:\/\/diariodocomercio.com.br\/mix\/wp-json\/wp\/v2\/posts\/16953\/revisions\/16959"}],"wp:featuredmedia":[{"embeddable":true,"href":"https:\/\/diariodocomercio.com.br\/mix\/wp-json\/wp\/v2\/media\/6434"}],"wp:attachment":[{"href":"https:\/\/diariodocomercio.com.br\/mix\/wp-json\/wp\/v2\/media?parent=16953"}],"wp:term":[{"taxonomy":"category","embeddable":true,"href":"https:\/\/diariodocomercio.com.br\/mix\/wp-json\/wp\/v2\/categories?post=16953"},{"taxonomy":"post_tag","embeddable":true,"href":"https:\/\/diariodocomercio.com.br\/mix\/wp-json\/wp\/v2\/tags?post=16953"}],"curies":[{"name":"wp","href":"https:\/\/api.w.org\/{rel}","templated":true}]}}