{"id":16955,"date":"2025-08-30T09:09:00","date_gmt":"2025-08-30T12:09:00","guid":{"rendered":"https:\/\/diariodocomercio.com.br\/mix\/?p=16955"},"modified":"2025-08-25T10:56:17","modified_gmt":"2025-08-25T13:56:17","slug":"will-smith-esta-falido-veja-o-que-aconteceu-com-o-astro-de-hollywood","status":"publish","type":"post","link":"https:\/\/diariodocomercio.com.br\/mix\/will-smith-esta-falido-veja-o-que-aconteceu-com-o-astro-de-hollywood\/","title":{"rendered":"Will Smith est\u00e1 falido? Veja o que aconteceu com o astro de Hollywood"},"content":{"rendered":"\n<p><strong>Will Smith, <\/strong>reconhecido por seus sucessos de bilheteria em Hollywood, enfrenta complica\u00e7\u00f5es financeiras consider\u00e1veis desde o infame tapa dado no Oscar de 2022. Ap\u00f3s o incidente, ocorrido durante a cerim\u00f4nia em Los Angeles, suas finan\u00e7as come\u00e7aram a sofrer<strong> severas consequ\u00eancias.&nbsp;<\/strong><\/p>\n\n\n\n<p>Essa crise se desencadeou principalmente devido \u00e0 dr\u00e1stica queda nas ofertas de trabalho e nos generosos cach\u00eas que antes sustentavam seu estilo de vida.<\/p>\n\n\n\n<h2 class=\"wp-block-heading\">Crise financeira agravada<\/h2>\n\n\n\n<p>Desde a pol\u00eamica, as despesas de Smith ultrapassaram suas receitas. Relatos de fontes pr\u00f3ximas ao ator afirmam que sua fortuna, anteriormente estimada em <strong>US$ 350 milh\u00f5es, <\/strong>est\u00e1 comprometida.<\/p>\n\n\n\n<p>A situa\u00e7\u00e3o teria se agravado com a aus\u00eancia de grandes projetos que poderiam gerar receitas substanciais, o que tem obrigado o astro a buscar maneiras de ajustar seu or\u00e7amento.<\/p>\n\n\n\n<p>Para tentar equilibrar suas finan\u00e7as, Smith e sua esposa, Jada Pinkett Smith, decidiram vender propriedades de alto valor. Dentre as a\u00e7\u00f5es realizadas, destaca-se a venda de um im\u00f3vel em Los Angeles por US$ 2 milh\u00f5es.<\/p>\n\n\n\n<p>A venda dessas propriedades visaria reduzir o custo de manuten\u00e7\u00e3o que se tornou ainda mais pesado ap\u00f3s passarem a viver em casas separadas.<\/p>\n\n\n\n<h2 class=\"wp-block-heading\">Tentativas de recupera\u00e7\u00e3o<\/h2>\n\n\n\n<p>Em meio \u00e0 turbul\u00eancia financeira, Smith investe em novos projetos cinematogr\u00e1ficos para tentar revitalizar sua carreira. Entre os futuros trabalhos confirmados, est\u00e1 a sequ\u00eancia de <strong>&#8220;Eu Sou a Lenda 2&#8221;<\/strong>, oficializada pela Warner Bros., que ainda est\u00e1 em fase de pr\u00e9-produ\u00e7\u00e3o.&nbsp;<\/p>\n\n\n\n<p>Contudo, n\u00e3o h\u00e1 confirma\u00e7\u00f5es sobre um remake de &#8220;Antes S\u00f3 do que Mal Acompanhado&#8221;. A press\u00e3o para reacender seu status no cinema \u00e9 intensa, e Smith estaria focado em reverter a atual crise econ\u00f4mica atrav\u00e9s do sucesso de seus novos filmes.<\/p>\n","protected":false},"excerpt":{"rendered":"<p>Ator enfrenta complica\u00e7\u00f5es consider\u00e1veis desde o infame tapa dado no Oscar de 2022.<\/p>\n","protected":false},"author":12,"featured_media":16956,"comment_status":"closed","ping_status":"closed","sticky":false,"template":"","format":"standard","meta":{"jnews-multi-image_gallery":[],"jnews_single_post":{"format":"standard"},"jnews_primary_category":[],"jnews_social_meta":[],"jnews_override_counter":[],"jnews_post_split":[],"footnotes":""},"categories":[1],"tags":[],"class_list":["post-16955","post","type-post","status-publish","format-standard","has-post-thumbnail","hentry","category-geral"],"_referencia":"","_links":{"self":[{"href":"https:\/\/diariodocomercio.com.br\/mix\/wp-json\/wp\/v2\/posts\/16955","targetHints":{"allow":["GET"]}}],"collection":[{"href":"https:\/\/diariodocomercio.com.br\/mix\/wp-json\/wp\/v2\/posts"}],"about":[{"href":"https:\/\/diariodocomercio.com.br\/mix\/wp-json\/wp\/v2\/types\/post"}],"author":[{"embeddable":true,"href":"https:\/\/diariodocomercio.com.br\/mix\/wp-json\/wp\/v2\/users\/12"}],"replies":[{"embeddable":true,"href":"https:\/\/diariodocomercio.com.br\/mix\/wp-json\/wp\/v2\/comments?post=16955"}],"version-history":[{"count":1,"href":"https:\/\/diariodocomercio.com.br\/mix\/wp-json\/wp\/v2\/posts\/16955\/revisions"}],"predecessor-version":[{"id":16957,"href":"https:\/\/diariodocomercio.com.br\/mix\/wp-json\/wp\/v2\/posts\/16955\/revisions\/16957"}],"wp:featuredmedia":[{"embeddable":true,"href":"https:\/\/diariodocomercio.com.br\/mix\/wp-json\/wp\/v2\/media\/16956"}],"wp:attachment":[{"href":"https:\/\/diariodocomercio.com.br\/mix\/wp-json\/wp\/v2\/media?parent=16955"}],"wp:term":[{"taxonomy":"category","embeddable":true,"href":"https:\/\/diariodocomercio.com.br\/mix\/wp-json\/wp\/v2\/categories?post=16955"},{"taxonomy":"post_tag","embeddable":true,"href":"https:\/\/diariodocomercio.com.br\/mix\/wp-json\/wp\/v2\/tags?post=16955"}],"curies":[{"name":"wp","href":"https:\/\/api.w.org\/{rel}","templated":true}]}}